{"id":42597,"date":"2013-02-18T16:05:02","date_gmt":"2013-02-18T19:05:02","guid":{"rendered":"http:\/\/www.redenoticia.com.br\/noticia\/?p=42597"},"modified":"2013-02-18T16:05:02","modified_gmt":"2013-02-18T19:05:02","slug":"sudeste-concentra-duas-vezes-mais-medicos-que-o-norte","status":"publish","type":"post","link":"https:\/\/www.redenoticia.com.br\/noticia\/2013\/sudeste-concentra-duas-vezes-mais-medicos-que-o-norte\/42597","title":{"rendered":"Sudeste concentra duas vezes mais m\u00e9dicos que o Norte"},"content":{"rendered":"<p>Bras\u00edlia \u2013 O Brasil tem atualmente dois m\u00e9dicos para cada mil habitantes, de acordo com pesquisa divulgada hoje (18) pelo Conselho Federal de <em><strong>Medicina<\/strong><\/em> (CFM). O Sudeste lidera o ranking com 2,67 profissionais por mil habitantes, seguido pelo Sul, com 2,09, e pelo Centro-Oeste, com 2,05. J\u00e1 no Nordeste, o \u00edndice \u00e9 1,23 e no Norte, 1,01.<\/p>\n<p>O estudo Demografia M\u00e9dica no Brasil 2: cen\u00e1rios e indicadores de distribui\u00e7\u00e3o aponta que a distribui\u00e7\u00e3o desigual de profissionais de sa\u00fade pode ser observada tamb\u00e9m entre as unidades da Federa\u00e7\u00e3o. O Distrito Federal (DF) lidera o ranking com 4,09 m\u00e9dicos por mil habitantes, seguido pelo Rio de Janeiro (3,62), por S\u00e3o Paulo (2,64), pelo Rio Grande do Sul (2,37), pelo Esp\u00edrito Santo (2,17) e por Minas Gerais (2,04).<\/p>\n<p>Dados mostram que mais de 388 mil profissionais de sa\u00fade atuavam no pa\u00eds at\u00e9 outubro de 2012. De 1970, quando existiam 58.994 m\u00e9dicos no pa\u00eds, ao \u00faltimo trimestre do ano passado, o n\u00famero cresceu 557,72%. O percentual \u00e9 quase seis vezes maior em compara\u00e7\u00e3o ao do crescimento da popula\u00e7\u00e3o brasileira que, em cinco d\u00e9cadas, aumentou 101,84%.<\/p>\n<p>De acordo com o professor da Universidade de S\u00e3o Paulo (USP) e respons\u00e1vel pelo estudo, Mario Scheffer, o pa\u00eds nunca teve tantos m\u00e9dicos em atividade em raz\u00e3o de fatores como a abertura de cursos de medicina, o aumento de novos registros (mais de 4% ao ano) e a maior longevidade profissional.<\/p>\n<p>\u201cO Brasil \u00e9 um pa\u00eds de m\u00e9dicos jovens. A idade m\u00e9dia \u00e9 46 anos, sendo que mais de 40% deles t\u00eam menos de 40 anos. Com isso, eles ficam cada vez mais anos trabalhando na profiss\u00e3o, o que amplia o contingente de m\u00e9dicos \u00e0 disposi\u00e7\u00e3o\u201d, disse. \u201cMas o aumento persistente do efetivo m\u00e9dico n\u00e3o beneficiou de maneira homog\u00eanea todos os cidad\u00e3os brasileiros\u201d, completou.<\/p>\n<p>A expectativa, segundo Scheffer, \u00e9 que o pa\u00eds alcance um total de 400 mil profissionais de sa\u00fade este ano. Mais da metade deles (55,5%) atua no Sistema \u00danico de Sa\u00fade (SUS). \u201cConsideramos uma presen\u00e7a insuficiente para um sistema universal. Precisamos definir como deslocar os m\u00e9dicos que est\u00e3o em outras estruturas para trabalhar no SUS\u201d, concluiu.<\/p>\n<p>Paula Laboissi\u00e8re<br \/>\nRep\u00f3rter da Ag\u00eancia Brasil<br \/>\nEdi\u00e7\u00e3o: Carolina Pimentel<\/p>\n","protected":false},"excerpt":{"rendered":"<p>Bras\u00edlia \u2013 O Brasil tem atualmente dois m\u00e9dicos para cada mil habitantes, de acordo com pesquisa divulgada hoje (18) pelo Conselho Federal de Medicina (CFM). O Sudeste lidera o ranking com 2,67 profissionais por mil habitantes, seguido pelo Sul, com 2,09, e pelo Centro-Oeste, com 2,05. J\u00e1 no Nordeste, o \u00edndice \u00e9 1,23 e no [&hellip;]<\/p>\n","protected":false},"author":3,"featured_media":37377,"comment_status":"open","ping_status":"closed","sticky":false,"template":"","format":"standard","meta":{"_genesis_hide_title":false,"_genesis_hide_breadcrumbs":false,"_genesis_hide_singular_image":false,"_genesis_hide_footer_widgets":false,"_genesis_custom_body_class":"","_genesis_custom_post_class":"","_genesis_layout":"","_jetpack_memberships_contains_paid_content":false,"footnotes":""},"categories":[22,5],"tags":[],"class_list":{"0":"post-42597","1":"post","2":"type-post","3":"status-publish","4":"format-standard","5":"has-post-thumbnail","7":"category-brasil","8":"category-saude-e-vida","9":"entry","10":"gs-1","11":"gs-odd","12":"gs-even","13":"gs-featured-content-entry"},"jetpack_featured_media_url":"https:\/\/www.redenoticia.com.br\/noticia\/imagens\/saude-exame.jpg","jetpack_sharing_enabled":true,"jetpack_likes_enabled":true,"_links":{"self":[{"href":"https:\/\/www.redenoticia.com.br\/noticia\/wp-json\/wp\/v2\/posts\/42597","targetHints":{"allow":["GET"]}}],"collection":[{"href":"https:\/\/www.redenoticia.com.br\/noticia\/wp-json\/wp\/v2\/posts"}],"about":[{"href":"https:\/\/www.redenoticia.com.br\/noticia\/wp-json\/wp\/v2\/types\/post"}],"author":[{"embeddable":true,"href":"https:\/\/www.redenoticia.com.br\/noticia\/wp-json\/wp\/v2\/users\/3"}],"replies":[{"embeddable":true,"href":"https:\/\/www.redenoticia.com.br\/noticia\/wp-json\/wp\/v2\/comments?post=42597"}],"version-history":[{"count":0,"href":"https:\/\/www.redenoticia.com.br\/noticia\/wp-json\/wp\/v2\/posts\/42597\/revisions"}],"wp:featuredmedia":[{"embeddable":true,"href":"https:\/\/www.redenoticia.com.br\/noticia\/wp-json\/wp\/v2\/media\/37377"}],"wp:attachment":[{"href":"https:\/\/www.redenoticia.com.br\/noticia\/wp-json\/wp\/v2\/media?parent=42597"}],"wp:term":[{"taxonomy":"category","embeddable":true,"href":"https:\/\/www.redenoticia.com.br\/noticia\/wp-json\/wp\/v2\/categories?post=42597"},{"taxonomy":"post_tag","embeddable":true,"href":"https:\/\/www.redenoticia.com.br\/noticia\/wp-json\/wp\/v2\/tags?post=42597"}],"curies":[{"name":"wp","href":"https:\/\/api.w.org\/{rel}","templated":true}]}}