{"id":42555,"date":"2013-02-15T15:21:27","date_gmt":"2013-02-15T17:21:27","guid":{"rendered":"http:\/\/www.redenoticia.com.br\/noticia\/?p=42555"},"modified":"2013-02-15T15:21:27","modified_gmt":"2013-02-15T17:21:27","slug":"previsao-de-muita-chuva-entre-o-norte-e-nordeste-do-brasil","status":"publish","type":"post","link":"https:\/\/www.redenoticia.com.br\/noticia\/2013\/previsao-de-muita-chuva-entre-o-norte-e-nordeste-do-brasil\/42555","title":{"rendered":"Previs\u00e3o de muita chuva entre o Norte e Nordeste do Brasil"},"content":{"rendered":"<p>A sexta-feira j\u00e1 amanheceu com chuvas fortes entre o Norte e Nordeste do Brasil devido a atua\u00e7\u00e3o da Zona de Converg\u00eancia Intertropical. Em apenas uma hora, o acumulado chegou a quase 40mm em Apu\u00ed-AM e 30mm em Itapipoca-CE. E a sexta-feira segue com condi\u00e7\u00e3o para pancadas de chuva na maior parte da Regi\u00e3o Norte e no norte da Regi\u00e3o Nordeste. Al\u00e9m disso, as instabilidades aumentam no litoral leste nordestino, onde tamb\u00e9m ocorrem algumas pancadas at\u00e9 o fim do dia. Segundo<em><strong> previs\u00e3o<\/strong><\/em> da Somar Meteorologia, a maior parte do s\u00e1bado ser\u00e1 de tempo firme e aproveit\u00e1vel para atividades de lazer ao ar livre no Nordeste uma vez que, mesmo onde h\u00e1 previs\u00e3o de chuva, os eventos ocorrem na forma de pancadas, e o sol predomina durante boa parte do dia.<\/p>\n<p>Al\u00e9m do norte e litoral da Regi\u00e3o, onde j\u00e1 chovia nos \u00faltimos dias, passam a ocorrer tamb\u00e9m pancadas fracas e isoladas pelo interior da Bahia.<\/p>\n<p>No domingo as condi\u00e7\u00f5es praticamente n\u00e3o mudam no Nordeste brasileiro e \u00e1reas de instabilidade seguem influenciando nas condi\u00e7\u00f5es de tempo sobre o norte da Regi\u00e3o, deste o Maranh\u00e3o at\u00e9 o Pernambuco. Chove tamb\u00e9m de forma mais fraca no oeste baiano, com pancadas de chuva a partir da tarde. No litoral da Bahia at\u00e9 Sergipe, o tempo segue firme, apenas com varia\u00e7\u00e3o de nebulosidade.<\/p>\n<p>De acordo com os meteorologistas da Somar, a Zona de Converg\u00eancia Intertropical continua atuando sobre o Nordeste nos pr\u00f3ximos dias. Os acumulados ser\u00e3o elevados em algumas regi\u00f5es e pode at\u00e9 causar transtornos. No entanto, essas chuvas s\u00e3o muito bem vindas, j\u00e1 que a Regi\u00e3o enfrentou uma das piores secas da hist\u00f3ria no ano passado. E essas precipita\u00e7\u00f5es atingem, inclusive, o sert\u00e3o nos pr\u00f3ximos dias.<\/p>\n","protected":false},"excerpt":{"rendered":"<p>A sexta-feira j\u00e1 amanheceu com chuvas fortes entre o Norte e Nordeste do Brasil devido a atua\u00e7\u00e3o da Zona de Converg\u00eancia Intertropical. Em apenas uma hora, o acumulado chegou a quase 40mm em Apu\u00ed-AM e 30mm em Itapipoca-CE. E a sexta-feira segue com condi\u00e7\u00e3o para pancadas de chuva na maior parte da Regi\u00e3o Norte e [&hellip;]<\/p>\n","protected":false},"author":3,"featured_media":28409,"comment_status":"open","ping_status":"closed","sticky":false,"template":"","format":"standard","meta":{"_genesis_hide_title":false,"_genesis_hide_breadcrumbs":false,"_genesis_hide_singular_image":false,"_genesis_hide_footer_widgets":false,"_genesis_custom_body_class":"","_genesis_custom_post_class":"","_genesis_layout":"","_jetpack_memberships_contains_paid_content":false,"footnotes":""},"categories":[22,327],"tags":[],"class_list":{"0":"post-42555","1":"post","2":"type-post","3":"status-publish","4":"format-standard","5":"has-post-thumbnail","7":"category-brasil","8":"category-clima","9":"entry","10":"gs-1","11":"gs-odd","12":"gs-even","13":"gs-featured-content-entry"},"jetpack_featured_media_url":"https:\/\/www.redenoticia.com.br\/noticia\/imagens\/previsao-do-tempo-e-temperatura.jpg","jetpack_sharing_enabled":true,"jetpack_likes_enabled":true,"_links":{"self":[{"href":"https:\/\/www.redenoticia.com.br\/noticia\/wp-json\/wp\/v2\/posts\/42555","targetHints":{"allow":["GET"]}}],"collection":[{"href":"https:\/\/www.redenoticia.com.br\/noticia\/wp-json\/wp\/v2\/posts"}],"about":[{"href":"https:\/\/www.redenoticia.com.br\/noticia\/wp-json\/wp\/v2\/types\/post"}],"author":[{"embeddable":true,"href":"https:\/\/www.redenoticia.com.br\/noticia\/wp-json\/wp\/v2\/users\/3"}],"replies":[{"embeddable":true,"href":"https:\/\/www.redenoticia.com.br\/noticia\/wp-json\/wp\/v2\/comments?post=42555"}],"version-history":[{"count":0,"href":"https:\/\/www.redenoticia.com.br\/noticia\/wp-json\/wp\/v2\/posts\/42555\/revisions"}],"wp:featuredmedia":[{"embeddable":true,"href":"https:\/\/www.redenoticia.com.br\/noticia\/wp-json\/wp\/v2\/media\/28409"}],"wp:attachment":[{"href":"https:\/\/www.redenoticia.com.br\/noticia\/wp-json\/wp\/v2\/media?parent=42555"}],"wp:term":[{"taxonomy":"category","embeddable":true,"href":"https:\/\/www.redenoticia.com.br\/noticia\/wp-json\/wp\/v2\/categories?post=42555"},{"taxonomy":"post_tag","embeddable":true,"href":"https:\/\/www.redenoticia.com.br\/noticia\/wp-json\/wp\/v2\/tags?post=42555"}],"curies":[{"name":"wp","href":"https:\/\/api.w.org\/{rel}","templated":true}]}}