{"id":42514,"date":"2013-02-13T15:50:49","date_gmt":"2013-02-13T17:50:49","guid":{"rendered":"http:\/\/www.redenoticia.com.br\/noticia\/?p=42514"},"modified":"2013-02-13T15:50:49","modified_gmt":"2013-02-13T17:50:49","slug":"onda-de-calor-atinge-o-centro-e-sul-do-brasil","status":"publish","type":"post","link":"https:\/\/www.redenoticia.com.br\/noticia\/2013\/onda-de-calor-atinge-o-centro-e-sul-do-brasil\/42514","title":{"rendered":"Onda de calor atinge o Centro e Sul do Brasil"},"content":{"rendered":"<p>As <em><strong>frentes frias<\/strong> <\/em>voltaram a ficar estacionadas mais ao sul do Brasil e por isso, uma massa de ar tropical toma conta do pa\u00eds e deixa as temperaturas elevadas. Ao contr\u00e1rio do que aconteceu em janeiro, quando os sistemas frontais avan\u00e7aram com facilidade para a Regi\u00e3o Sudeste, deixando boa parte do centro e sul sobre influ\u00eancia de massas polares.<\/p>\n<p>Segundo previs\u00e3o da Somar, no Sul do pa\u00eds faz calor principalmente no Rio Grande do Sul, onde a m\u00e1xima passa dos 33\u00b0C no centro, oeste e sul do Estado nos pr\u00f3ximos dias. Apenas no interior do Paran\u00e1 e no centro e oeste de Santa Catarina, o excesso de chuva deixa a m\u00e1xima mais baixa entre os dias 14 e 15 de fevereiro, com valores entre 21\u00b0C e 24\u00b0C. Um outro decl\u00ednio de temperatura est\u00e1 previsto para ocorrer entre os dias 19 e 26 de fevereiro, que al\u00e9m de mais duradouro, atinge todo o centro e leste da Regi\u00e3o Sul, com m\u00ednimas entre 12\u00b0C e 15\u00b0C e m\u00e1ximas entre 21\u00b0C e 24\u00b0C.<\/p>\n<p>Para o Sudeste, a previs\u00e3o \u00e9 de temperatura elevada pelos pr\u00f3ximos dez dias. Nesta semana, a m\u00e1xima passa dos 33\u00b0C entre o norte do Esp\u00edrito Santo e o nordeste de Minas Gerais e dos 30\u00b0C no norte do Rio de Janeiro e no norte e oeste de S\u00e3o Paulo. Somente a partir de 23 de fevereiro, uma frente fria avan\u00e7a pela costa do Sudeste, provocando decl\u00ednio da temperatura no leste e sul de S\u00e3o Paulo, sul de Minas Gerais e sul do Rio de Janeiro.<\/p>\n<p>No Centro-Oeste, Norte e Nordeste, o calor predomina pelos pr\u00f3ximos 15 dias. No Centro-Oeste, destaque para os valores acima dos 33\u00b0C no norte e oeste de Mato Grosso e no oeste de Mato Grosso do Sul e dos 30\u00b0C em Goi\u00e1s e Distrito Federal. No Nordeste, os term\u00f4metros tamb\u00e9m passam dos 33\u00b0C em todo o sert\u00e3o nordestino e ficam entre 30\u00b0C e 32\u00b0C nas Capitais. Na Regi\u00e3o Norte, as m\u00e1ximas acima dos 33\u00b0C ser\u00e3o registradas em Tocantins, leste e sul do Par\u00e1, sul do Amap\u00e1, norte e oeste de Rond\u00f4nia e sudeste do Amazonas.<\/p>\n","protected":false},"excerpt":{"rendered":"<p>As frentes frias voltaram a ficar estacionadas mais ao sul do Brasil e por isso, uma massa de ar tropical toma conta do pa\u00eds e deixa as temperaturas elevadas. Ao contr\u00e1rio do que aconteceu em janeiro, quando os sistemas frontais avan\u00e7aram com facilidade para a Regi\u00e3o Sudeste, deixando boa parte do centro e sul sobre [&hellip;]<\/p>\n","protected":false},"author":3,"featured_media":28409,"comment_status":"open","ping_status":"closed","sticky":false,"template":"","format":"standard","meta":{"_genesis_hide_title":false,"_genesis_hide_breadcrumbs":false,"_genesis_hide_singular_image":false,"_genesis_hide_footer_widgets":false,"_genesis_custom_body_class":"","_genesis_custom_post_class":"","_genesis_layout":"","_jetpack_memberships_contains_paid_content":false,"footnotes":""},"categories":[22,327],"tags":[],"class_list":{"0":"post-42514","1":"post","2":"type-post","3":"status-publish","4":"format-standard","5":"has-post-thumbnail","7":"category-brasil","8":"category-clima","9":"entry","10":"gs-1","11":"gs-odd","12":"gs-even","13":"gs-featured-content-entry"},"jetpack_featured_media_url":"https:\/\/www.redenoticia.com.br\/noticia\/imagens\/previsao-do-tempo-e-temperatura.jpg","jetpack_sharing_enabled":true,"jetpack_likes_enabled":true,"_links":{"self":[{"href":"https:\/\/www.redenoticia.com.br\/noticia\/wp-json\/wp\/v2\/posts\/42514","targetHints":{"allow":["GET"]}}],"collection":[{"href":"https:\/\/www.redenoticia.com.br\/noticia\/wp-json\/wp\/v2\/posts"}],"about":[{"href":"https:\/\/www.redenoticia.com.br\/noticia\/wp-json\/wp\/v2\/types\/post"}],"author":[{"embeddable":true,"href":"https:\/\/www.redenoticia.com.br\/noticia\/wp-json\/wp\/v2\/users\/3"}],"replies":[{"embeddable":true,"href":"https:\/\/www.redenoticia.com.br\/noticia\/wp-json\/wp\/v2\/comments?post=42514"}],"version-history":[{"count":0,"href":"https:\/\/www.redenoticia.com.br\/noticia\/wp-json\/wp\/v2\/posts\/42514\/revisions"}],"wp:featuredmedia":[{"embeddable":true,"href":"https:\/\/www.redenoticia.com.br\/noticia\/wp-json\/wp\/v2\/media\/28409"}],"wp:attachment":[{"href":"https:\/\/www.redenoticia.com.br\/noticia\/wp-json\/wp\/v2\/media?parent=42514"}],"wp:term":[{"taxonomy":"category","embeddable":true,"href":"https:\/\/www.redenoticia.com.br\/noticia\/wp-json\/wp\/v2\/categories?post=42514"},{"taxonomy":"post_tag","embeddable":true,"href":"https:\/\/www.redenoticia.com.br\/noticia\/wp-json\/wp\/v2\/tags?post=42514"}],"curies":[{"name":"wp","href":"https:\/\/api.w.org\/{rel}","templated":true}]}}