{"id":42512,"date":"2013-02-13T15:41:56","date_gmt":"2013-02-13T17:41:56","guid":{"rendered":"http:\/\/www.redenoticia.com.br\/noticia\/?p=42512"},"modified":"2013-02-13T15:41:56","modified_gmt":"2013-02-13T17:41:56","slug":"escolha-do-novo-papa-deve-comecar-entre-15-e-20-de-marco","status":"publish","type":"post","link":"https:\/\/www.redenoticia.com.br\/noticia\/2013\/escolha-do-novo-papa-deve-comecar-entre-15-e-20-de-marco\/42512","title":{"rendered":"Escolha do novo papa deve come\u00e7ar entre 15 e 20 de mar\u00e7o"},"content":{"rendered":"<p>Bras\u00edlia \u2013 O porta-voz do Vaticano, Federico Lombardi, confirmou hoje (13) que o processo de escolha do sucessor do papa <em><strong>Bento XVI<\/strong><\/em> come\u00e7a entre 15 e 20 de mar\u00e7o. No pr\u00f3ximo dia 28, Bento XVI renunciar\u00e1. A escolha do novo papa \u00e9 feita por vota\u00e7\u00e3o manual e a portas fechadas, da\u00ed a express\u00e3o conclave &#8211; com chave. A Capela Sistina ser\u00e1 o local utilizado para queimar os pap\u00e9is de vota\u00e7\u00e3o.<\/p>\n<p>A previs\u00e3o de especialistas \u00e9 que o processo de vota\u00e7\u00e3o, ao todo, dure nove dias. Mas pode se estender, caso n\u00e3o haja resultado. O novo papa \u00e9 eleito quando h\u00e1 a prefer\u00eancia de dois ter\u00e7os dos cardeais.<\/p>\n<p>O novo papa ser\u00e1 eleito por 117 cardeais da Igreja Cat\u00f3lica, de acordo com informa\u00e7\u00f5es publicadas pelo Vaticano. O conclave para a escolha do sucessor do papa Bento XVI ser\u00e1 composto por 61 europeus, 19 representantes latino-americanos, 14 norte-americanos, 11 africanos, 11 asi\u00e1ticos e um integrante da Oceania.<\/p>\n<p>Pelos rituais da Igreja Cat\u00f3lica, os cardeais v\u00e3o em cortejo at\u00e9 a Capela Sistina, e l\u00e1 ficam isolados em espa\u00e7os particulares, onde d\u00e3o seus votos para o novo pont\u00edfice. Antes de manifestarem a opini\u00e3o nas c\u00e9dulas, cada um dos cardeais faz um juramento assegurando seu voto secreto e que aceitar\u00e1 o resultado da elei\u00e7\u00e3o.<\/p>\n<p>Ap\u00f3s a contagem dos votos, as c\u00e9dulas s\u00e3o queimadas. Caso o nome do novo papa n\u00e3o esteja definido, uma subst\u00e2ncia \u00e9 misturada ao papel para que a fuma\u00e7a que sai pela chamin\u00e9 da Capela Sistina seja da cor preta. Quando o novo papa est\u00e1 definido, a fuma\u00e7a \u00e9 branca. Assim, os fi\u00e9is podem acompanhar o processo de vota\u00e7\u00e3o no Vaticano.<\/p>\n<p>Ao deixar o papado, no pr\u00f3ximo dia 28, Bento XVI ser\u00e1 transportado por helic\u00f3ptero at\u00e9 a resid\u00eancia de Castel Gandolfo, a 30 quil\u00f4metros ao sul de Roma. O \u00faltimo chefe da Igreja Cat\u00f3lica a renunciar foi Greg\u00f3rio XII, no s\u00e9culo 15 (1406-1415).<\/p>\n<p>Renata Giraldi*<br \/>\nRep\u00f3rter da Ag\u00eancia Brasil<br \/>\n*Com informa\u00e7\u00f5es da ag\u00eancia p\u00fablica de not\u00edcias de Portugal, Lusa<br \/>\nEdi\u00e7\u00e3o: Juliana Andrade<\/p>\n","protected":false},"excerpt":{"rendered":"<p>Bras\u00edlia \u2013 O porta-voz do Vaticano, Federico Lombardi, confirmou hoje (13) que o processo de escolha do sucessor do papa Bento XVI come\u00e7a entre 15 e 20 de mar\u00e7o. No pr\u00f3ximo dia 28, Bento XVI renunciar\u00e1. A escolha do novo papa \u00e9 feita por vota\u00e7\u00e3o manual e a portas fechadas, da\u00ed a express\u00e3o conclave &#8211; [&hellip;]<\/p>\n","protected":false},"author":3,"featured_media":42487,"comment_status":"open","ping_status":"closed","sticky":false,"template":"","format":"standard","meta":{"_genesis_hide_title":false,"_genesis_hide_breadcrumbs":false,"_genesis_hide_singular_image":false,"_genesis_hide_footer_widgets":false,"_genesis_custom_body_class":"","_genesis_custom_post_class":"","_genesis_layout":"","_jetpack_memberships_contains_paid_content":false,"footnotes":""},"categories":[22],"tags":[],"class_list":{"0":"post-42512","1":"post","2":"type-post","3":"status-publish","4":"format-standard","5":"has-post-thumbnail","7":"category-brasil","8":"entry","9":"gs-1","10":"gs-odd","11":"gs-even","12":"gs-featured-content-entry"},"jetpack_featured_media_url":"https:\/\/www.redenoticia.com.br\/noticia\/imagens\/vaticano.jpg","jetpack_sharing_enabled":true,"jetpack_likes_enabled":true,"_links":{"self":[{"href":"https:\/\/www.redenoticia.com.br\/noticia\/wp-json\/wp\/v2\/posts\/42512","targetHints":{"allow":["GET"]}}],"collection":[{"href":"https:\/\/www.redenoticia.com.br\/noticia\/wp-json\/wp\/v2\/posts"}],"about":[{"href":"https:\/\/www.redenoticia.com.br\/noticia\/wp-json\/wp\/v2\/types\/post"}],"author":[{"embeddable":true,"href":"https:\/\/www.redenoticia.com.br\/noticia\/wp-json\/wp\/v2\/users\/3"}],"replies":[{"embeddable":true,"href":"https:\/\/www.redenoticia.com.br\/noticia\/wp-json\/wp\/v2\/comments?post=42512"}],"version-history":[{"count":0,"href":"https:\/\/www.redenoticia.com.br\/noticia\/wp-json\/wp\/v2\/posts\/42512\/revisions"}],"wp:featuredmedia":[{"embeddable":true,"href":"https:\/\/www.redenoticia.com.br\/noticia\/wp-json\/wp\/v2\/media\/42487"}],"wp:attachment":[{"href":"https:\/\/www.redenoticia.com.br\/noticia\/wp-json\/wp\/v2\/media?parent=42512"}],"wp:term":[{"taxonomy":"category","embeddable":true,"href":"https:\/\/www.redenoticia.com.br\/noticia\/wp-json\/wp\/v2\/categories?post=42512"},{"taxonomy":"post_tag","embeddable":true,"href":"https:\/\/www.redenoticia.com.br\/noticia\/wp-json\/wp\/v2\/tags?post=42512"}],"curies":[{"name":"wp","href":"https:\/\/api.w.org\/{rel}","templated":true}]}}