{"id":42452,"date":"2013-02-07T15:10:03","date_gmt":"2013-02-07T17:10:03","guid":{"rendered":"http:\/\/www.redenoticia.com.br\/noticia\/?p=42452"},"modified":"2013-02-07T15:10:03","modified_gmt":"2013-02-07T17:10:03","slug":"inflacao-oficial-atinge-086-em-janeiro","status":"publish","type":"post","link":"https:\/\/www.redenoticia.com.br\/noticia\/2013\/inflacao-oficial-atinge-086-em-janeiro\/42452","title":{"rendered":"Infla\u00e7\u00e3o oficial atinge 0,86% em janeiro"},"content":{"rendered":"<p>Rio de Janeiro \u2013 A <em><strong>infla\u00e7\u00e3o<\/strong> <\/em>oficial, medida pelo \u00cdndice Nacional de Pre\u00e7os ao Consumidor Amplo (IPCA), ficou em 0,86% em janeiro deste ano. A taxa \u00e9 superior \u00e0 registrada em dezembro (0,79%). Em janeiro de 2012, o IPCA havia ficado em 0,56%. Este \u00e9 o maior \u00edndice mensal desde abril de 2005 (0,87%) e o mais elevado para meses de janeiro desde 2003 (2,25%).<\/p>\n<p>Os dados foram divulgados hoje (7) pelo Instituto Brasileiro de Geografia e Estat\u00edstica (IBGE). Nos \u00faltimos 12 meses, o \u00edndice chega a 6,15%, acima dos 5,84% relativos aos 12 meses anteriores.<\/p>\n<p>A principal contribui\u00e7\u00e3o para a alta da infla\u00e7\u00e3o de janeiro veio dos alimentos, cujos pre\u00e7os continuaram subindo. A taxa atingiu 1,99%, superando o resultado de 1,03% de dezembro. O grupo alimenta\u00e7\u00e3o e bebidas teve impacto de 0,48 ponto percentual no \u00edndice e respondeu por 56% do IPCA.<\/p>\n<p>Fl\u00e1via Villela<br \/>\nRep\u00f3rter da Ag\u00eancia Brasil<br \/>\nEdi\u00e7\u00e3o: Juliana Andrade<\/p>\n<p>&#8212;-<\/p>\n<p>\u00cdndice que mede infla\u00e7\u00e3o para fam\u00edlias com renda at\u00e9 5 sal\u00e1rios m\u00ednimos sobe para 0,92% em janeiro<\/p>\n<p>Rio de Janeiro &#8211; O \u00cdndice Nacional de Pre\u00e7os ao Consumidor (INPC) atingiu 0,92% em janeiro e ficou 0,18 ponto percentual acima do resultado de 0,74% de dezembro. A informa\u00e7\u00e3o foi divulgada hoje (7) pelo Instituto Brasileiro de Geografia e Estat\u00edstica (IBGE). Nos \u00faltimos 12 meses, o \u00edndice ficou em 6,63%, acima da taxa de 6,20% dos 12 meses anteriores. Em janeiro de 2012, o INPC estava em 0,51%.<\/p>\n<p>Os produtos aliment\u00edcios aumentaram 2,10% em janeiro, enquanto os n\u00e3o aliment\u00edcios ficaram com 0,43%. Em dezembro, os resultados haviam sido 1,13% e 0,58%, respectivamente.<\/p>\n<p>Na compara\u00e7\u00e3o com outras regi\u00f5es do pa\u00eds, Fortaleza foi a que registrou maior alta de pre\u00e7os (1,24%), devido ao aumento do \u00f4nibus urbano (6%), que refletiu parte do reajuste de 12,50% em vigor desde 11 de janeiro. O menor resultado foi verificado em Bras\u00edlia (0,49%), em raz\u00e3o da queda de 1,42% nas passagens a\u00e9reas e de itens como os \u00f4nibus interestaduais (-3,06%).<\/p>\n<p>O INPC refere \u00e0s fam\u00edlias com rendimento monet\u00e1rio de um a cinco sal\u00e1rios m\u00ednimos e abrange nove regi\u00f5es metropolitanas, al\u00e9m de Goi\u00e2nia e de Bras\u00edlia.<\/p>\n<p>Fl\u00e1via Villela<br \/>\nRep\u00f3rter da Ag\u00eancia Brasil<br \/>\nEdi\u00e7\u00e3o: Juliana Andrade<\/p>\n","protected":false},"excerpt":{"rendered":"<p>Rio de Janeiro \u2013 A infla\u00e7\u00e3o oficial, medida pelo \u00cdndice Nacional de Pre\u00e7os ao Consumidor Amplo (IPCA), ficou em 0,86% em janeiro deste ano. A taxa \u00e9 superior \u00e0 registrada em dezembro (0,79%). Em janeiro de 2012, o IPCA havia ficado em 0,56%. Este \u00e9 o maior \u00edndice mensal desde abril de 2005 (0,87%) e [&hellip;]<\/p>\n","protected":false},"author":3,"featured_media":34916,"comment_status":"open","ping_status":"closed","sticky":false,"template":"","format":"standard","meta":{"_genesis_hide_title":false,"_genesis_hide_breadcrumbs":false,"_genesis_hide_singular_image":false,"_genesis_hide_footer_widgets":false,"_genesis_custom_body_class":"","_genesis_custom_post_class":"","_genesis_layout":"","_jetpack_memberships_contains_paid_content":false,"footnotes":""},"categories":[22,7],"tags":[],"class_list":{"0":"post-42452","1":"post","2":"type-post","3":"status-publish","4":"format-standard","5":"has-post-thumbnail","7":"category-brasil","8":"category-economia","9":"entry","10":"gs-1","11":"gs-odd","12":"gs-even","13":"gs-featured-content-entry"},"jetpack_featured_media_url":"https:\/\/www.redenoticia.com.br\/noticia\/imagens\/inflacao.jpg","jetpack_sharing_enabled":true,"jetpack_likes_enabled":true,"_links":{"self":[{"href":"https:\/\/www.redenoticia.com.br\/noticia\/wp-json\/wp\/v2\/posts\/42452","targetHints":{"allow":["GET"]}}],"collection":[{"href":"https:\/\/www.redenoticia.com.br\/noticia\/wp-json\/wp\/v2\/posts"}],"about":[{"href":"https:\/\/www.redenoticia.com.br\/noticia\/wp-json\/wp\/v2\/types\/post"}],"author":[{"embeddable":true,"href":"https:\/\/www.redenoticia.com.br\/noticia\/wp-json\/wp\/v2\/users\/3"}],"replies":[{"embeddable":true,"href":"https:\/\/www.redenoticia.com.br\/noticia\/wp-json\/wp\/v2\/comments?post=42452"}],"version-history":[{"count":0,"href":"https:\/\/www.redenoticia.com.br\/noticia\/wp-json\/wp\/v2\/posts\/42452\/revisions"}],"wp:featuredmedia":[{"embeddable":true,"href":"https:\/\/www.redenoticia.com.br\/noticia\/wp-json\/wp\/v2\/media\/34916"}],"wp:attachment":[{"href":"https:\/\/www.redenoticia.com.br\/noticia\/wp-json\/wp\/v2\/media?parent=42452"}],"wp:term":[{"taxonomy":"category","embeddable":true,"href":"https:\/\/www.redenoticia.com.br\/noticia\/wp-json\/wp\/v2\/categories?post=42452"},{"taxonomy":"post_tag","embeddable":true,"href":"https:\/\/www.redenoticia.com.br\/noticia\/wp-json\/wp\/v2\/tags?post=42452"}],"curies":[{"name":"wp","href":"https:\/\/api.w.org\/{rel}","templated":true}]}}