{"id":42451,"date":"2013-02-07T15:05:37","date_gmt":"2013-02-07T17:05:37","guid":{"rendered":"http:\/\/www.redenoticia.com.br\/noticia\/?p=42451"},"modified":"2013-02-07T15:05:37","modified_gmt":"2013-02-07T17:05:37","slug":"previsao-para-o-rj-durante-o-feriadao-de-carnaval","status":"publish","type":"post","link":"https:\/\/www.redenoticia.com.br\/noticia\/2013\/previsao-para-o-rj-durante-o-feriadao-de-carnaval\/42451","title":{"rendered":"Previs\u00e3o para o RJ durante o feriad\u00e3o de Carnaval"},"content":{"rendered":"<p><em><strong>Previs\u00e3o do tempo<\/strong><\/em> para o RJ &#8211; a\u00a0quinta-feira come\u00e7ou com bastante nebulosidade sobre o Rio de Janeiro e com pancadas de chuva isoladas, mas com forte intensidade em algumas regi\u00f5es. De acordo com os meteorologistas da Somar, no final da tarde as instabilidades se intensificam sobre o Estado e h\u00e1 risco para transtornos no sul fluminense e na Regi\u00e3o Metropolitana do Rio de Janeiro, como alagamentos e deslizamentos de terra. Apesar disso, o tempo fica abafado e a m\u00e1xima chega aos 31\u00b0C na Capital.<\/p>\n<p>Amanh\u00e3 o dia come\u00e7a com nebulosidade variada e condi\u00e7\u00e3o para pancadas isoladas no sul do Estado. J\u00e1 nas demais \u00e1reas do Rio de Janeiro o sol predomina ao longo do dia, o que ajuda a elevar as temperaturas. Com o calor e a presen\u00e7a de instabilidades, nuvens mais carregadas se formam no final do dia e provocam pancadas de chuva t\u00edpicas de ver\u00e3o na maior parte do Estado.<\/p>\n<p>Feriad\u00e3o<br \/>\nE o fim de semana prolongado come\u00e7a bastante aproveit\u00e1vel para atividades ao ar livre em todo o Estado. De acordo com os meteorologistas da Somar, a condi\u00e7\u00e3o ser\u00e1 t\u00edpica de ver\u00e3o, com sol, calor e pancadas de chuva de fim de tarde, sendo que no sul do Estado as precipita\u00e7\u00f5es ser\u00e3o mais intensas. Na Capital, os term\u00f4metros chegam aos 33\u00b0C.<\/p>\n<p>O domingo come\u00e7a com tempo mais firme e o sol predomina entre nuvens, deixando o dia aproveit\u00e1vel em boa parte do Estado. Apenas sobre o sul do Rio de Janeiro h\u00e1 condi\u00e7\u00e3o para chuvas, que podem at\u00e9 vir com intensidade no come\u00e7o da manh\u00e3 e tamb\u00e9m no final do dia, com risco de transtornos como alagamentos e deslizamentos. Nas demais regi\u00f5es fluminenses h\u00e1 previs\u00e3o de pancadas de chuva t\u00edpicas de ver\u00e3o.<\/p>\n<p>As condi\u00e7\u00f5es do tempo praticamente n\u00e3o mudam sobre o Rio de Janeiro na segunda e na ter\u00e7a-feira de Carnaval. Os turistas e moradores poder\u00e3o aproveitar o sol que aparece durante boa parte do dia nas belas praias da cidade. A partir da tarde, a quantidade de nuvens aumenta e ocorrem pancadas de chuva, sendo mais intensas no sul do Estado.<\/p>\n<p>Desfiles<br \/>\nSegundo previs\u00e3o da Somar, todos os desfiles do Rio de Janeiro devem acontecer sem chuvas, tanto do grupo de acesso (sexta-feira e s\u00e1bado), quanto do grupo especial (no domingo e na segunda-feira). Os foli\u00f5es devem ficar atentos apenas com as chuvas de fim de tarde, que podem atrapalhar o deslocamento para a Sapuca\u00ed e tamb\u00e9m molhar as alegorias.<\/p>\n","protected":false},"excerpt":{"rendered":"<p>Previs\u00e3o do tempo para o RJ &#8211; a\u00a0quinta-feira come\u00e7ou com bastante nebulosidade sobre o Rio de Janeiro e com pancadas de chuva isoladas, mas com forte intensidade em algumas regi\u00f5es. De acordo com os meteorologistas da Somar, no final da tarde as instabilidades se intensificam sobre o Estado e h\u00e1 risco para transtornos no sul [&hellip;]<\/p>\n","protected":false},"author":3,"featured_media":28409,"comment_status":"open","ping_status":"closed","sticky":false,"template":"","format":"standard","meta":{"_genesis_hide_title":false,"_genesis_hide_breadcrumbs":false,"_genesis_hide_singular_image":false,"_genesis_hide_footer_widgets":false,"_genesis_custom_body_class":"","_genesis_custom_post_class":"","_genesis_layout":"","_jetpack_memberships_contains_paid_content":false,"footnotes":""},"categories":[22,327],"tags":[],"class_list":{"0":"post-42451","1":"post","2":"type-post","3":"status-publish","4":"format-standard","5":"has-post-thumbnail","7":"category-brasil","8":"category-clima","9":"entry","10":"gs-1","11":"gs-odd","12":"gs-even","13":"gs-featured-content-entry"},"jetpack_featured_media_url":"https:\/\/www.redenoticia.com.br\/noticia\/imagens\/previsao-do-tempo-e-temperatura.jpg","jetpack_sharing_enabled":true,"jetpack_likes_enabled":true,"_links":{"self":[{"href":"https:\/\/www.redenoticia.com.br\/noticia\/wp-json\/wp\/v2\/posts\/42451","targetHints":{"allow":["GET"]}}],"collection":[{"href":"https:\/\/www.redenoticia.com.br\/noticia\/wp-json\/wp\/v2\/posts"}],"about":[{"href":"https:\/\/www.redenoticia.com.br\/noticia\/wp-json\/wp\/v2\/types\/post"}],"author":[{"embeddable":true,"href":"https:\/\/www.redenoticia.com.br\/noticia\/wp-json\/wp\/v2\/users\/3"}],"replies":[{"embeddable":true,"href":"https:\/\/www.redenoticia.com.br\/noticia\/wp-json\/wp\/v2\/comments?post=42451"}],"version-history":[{"count":0,"href":"https:\/\/www.redenoticia.com.br\/noticia\/wp-json\/wp\/v2\/posts\/42451\/revisions"}],"wp:featuredmedia":[{"embeddable":true,"href":"https:\/\/www.redenoticia.com.br\/noticia\/wp-json\/wp\/v2\/media\/28409"}],"wp:attachment":[{"href":"https:\/\/www.redenoticia.com.br\/noticia\/wp-json\/wp\/v2\/media?parent=42451"}],"wp:term":[{"taxonomy":"category","embeddable":true,"href":"https:\/\/www.redenoticia.com.br\/noticia\/wp-json\/wp\/v2\/categories?post=42451"},{"taxonomy":"post_tag","embeddable":true,"href":"https:\/\/www.redenoticia.com.br\/noticia\/wp-json\/wp\/v2\/tags?post=42451"}],"curies":[{"name":"wp","href":"https:\/\/api.w.org\/{rel}","templated":true}]}}