{"id":42449,"date":"2013-02-07T14:59:41","date_gmt":"2013-02-07T16:59:41","guid":{"rendered":"http:\/\/www.redenoticia.com.br\/noticia\/?p=42449"},"modified":"2013-02-07T14:59:41","modified_gmt":"2013-02-07T16:59:41","slug":"cert-br-lanca-fasciculo-sobre-privacidade-na-internet","status":"publish","type":"post","link":"https:\/\/www.redenoticia.com.br\/noticia\/2013\/cert-br-lanca-fasciculo-sobre-privacidade-na-internet\/42449","title":{"rendered":"CERT.br lan\u00e7a fasc\u00edculo sobre privacidade na internet"},"content":{"rendered":"<p>Ag\u00eancia FAPESP\u00a0\u2013 O Centro de Estudos, Resposta e Tratamento de Incidentes de Seguran\u00e7a no Brasil (CERT.br) lan\u00e7ou o fasc\u00edculo de sua Cartilha de Seguran\u00e7a dedicado aos cuidados que se deve ter para preservar a privacidade na <em><strong>internet<\/strong><\/em>.<\/p>\n<p>A publica\u00e7\u00e3o foi lan\u00e7ada no dia 5 de fevereiro, Dia Mundial da Internet Segura. O CERT.br \u00e9 mantido pelo N\u00facleo de Informa\u00e7\u00e3o e Coordena\u00e7\u00e3o do Ponto BR (NIC.br), \u00f3rg\u00e3o ligado ao Comit\u00ea Gestor da Internet no Brasil (CGI.br).<\/p>\n<p>Segundo o CERT.br, o Brasil \u00e9 um dos pa\u00edses com o maior n\u00famero de usu\u00e1rios de internet e de redes sociais. Com o aumento do uso da rede mundial de computadores e da ades\u00e3o a esses servi\u00e7os, cresce tamb\u00e9m a preocupa\u00e7\u00e3o com a privacidade, n\u00e3o somente no compartilhamento de informa\u00e7\u00f5es como na manipula\u00e7\u00e3o de dados pessoais, de forma geral.<\/p>\n<p>Privacidade\u00a0\u00e9 o quarto fasc\u00edculo publicado pelo Centro. Assim como os anteriores (Redes Sociais,Senhas\u00a0e\u00a0Com\u00e9rcio Eletr\u00f4nico), o material tem origem no conte\u00fado da\u00a0Cartilha de Seguran\u00e7a para Internet, lan\u00e7ada em 2012.<\/p>\n<p>A ideia da publica\u00e7\u00e3o em fasc\u00edculos \u00e9 destacar e refor\u00e7ar assuntos espec\u00edficos de grande relev\u00e2ncia para garantir o uso da internet com mais seguran\u00e7a.<\/p>\n<p>Algumas das principais dicas do fasc\u00edculo de\u00a0Privacidade\u00a0s\u00e3o: utilizar conex\u00e3o segura quando acessar e-mails por navegadores web; ser cuidadoso ao usar\u00a0cookies; armazenar dados sens\u00edveis em formato criptografado; pensar bem antes de divulgar informa\u00e7\u00f5es; ser cuidadoso ao usar e ao elaborar senhas; e manter o computador seguro.<\/p>\n<p>O fasc\u00edculo, gratuito, \u00e9 ilustrado e est\u00e1 dispon\u00edvel em formato PDF. Para facilitar a dissemina\u00e7\u00e3o do seu conte\u00fado, o material est\u00e1 licenciado sob Creative Commons.<\/p>\n<p>Mais informa\u00e7\u00f5es:\u00a0<a href=\"http:\/\/cartilha.cert.br\/fasciculos\" target=\"_blank\">http:\/\/cartilha.cert.br\/fasciculos<\/a>.<\/p>\n","protected":false},"excerpt":{"rendered":"<p>Ag\u00eancia FAPESP\u00a0\u2013 O Centro de Estudos, Resposta e Tratamento de Incidentes de Seguran\u00e7a no Brasil (CERT.br) lan\u00e7ou o fasc\u00edculo de sua Cartilha de Seguran\u00e7a dedicado aos cuidados que se deve ter para preservar a privacidade na internet. A publica\u00e7\u00e3o foi lan\u00e7ada no dia 5 de fevereiro, Dia Mundial da Internet Segura. O CERT.br \u00e9 mantido [&hellip;]<\/p>\n","protected":false},"author":3,"featured_media":36257,"comment_status":"open","ping_status":"closed","sticky":false,"template":"","format":"standard","meta":{"_genesis_hide_title":false,"_genesis_hide_breadcrumbs":false,"_genesis_hide_singular_image":false,"_genesis_hide_footer_widgets":false,"_genesis_custom_body_class":"","_genesis_custom_post_class":"","_genesis_layout":"","_jetpack_memberships_contains_paid_content":false,"footnotes":""},"categories":[22],"tags":[],"class_list":{"0":"post-42449","1":"post","2":"type-post","3":"status-publish","4":"format-standard","5":"has-post-thumbnail","7":"category-brasil","8":"entry","9":"gs-1","10":"gs-odd","11":"gs-even","12":"gs-featured-content-entry"},"jetpack_featured_media_url":"https:\/\/www.redenoticia.com.br\/noticia\/imagens\/tecnologia.jpg","jetpack_sharing_enabled":true,"jetpack_likes_enabled":true,"_links":{"self":[{"href":"https:\/\/www.redenoticia.com.br\/noticia\/wp-json\/wp\/v2\/posts\/42449","targetHints":{"allow":["GET"]}}],"collection":[{"href":"https:\/\/www.redenoticia.com.br\/noticia\/wp-json\/wp\/v2\/posts"}],"about":[{"href":"https:\/\/www.redenoticia.com.br\/noticia\/wp-json\/wp\/v2\/types\/post"}],"author":[{"embeddable":true,"href":"https:\/\/www.redenoticia.com.br\/noticia\/wp-json\/wp\/v2\/users\/3"}],"replies":[{"embeddable":true,"href":"https:\/\/www.redenoticia.com.br\/noticia\/wp-json\/wp\/v2\/comments?post=42449"}],"version-history":[{"count":0,"href":"https:\/\/www.redenoticia.com.br\/noticia\/wp-json\/wp\/v2\/posts\/42449\/revisions"}],"wp:featuredmedia":[{"embeddable":true,"href":"https:\/\/www.redenoticia.com.br\/noticia\/wp-json\/wp\/v2\/media\/36257"}],"wp:attachment":[{"href":"https:\/\/www.redenoticia.com.br\/noticia\/wp-json\/wp\/v2\/media?parent=42449"}],"wp:term":[{"taxonomy":"category","embeddable":true,"href":"https:\/\/www.redenoticia.com.br\/noticia\/wp-json\/wp\/v2\/categories?post=42449"},{"taxonomy":"post_tag","embeddable":true,"href":"https:\/\/www.redenoticia.com.br\/noticia\/wp-json\/wp\/v2\/tags?post=42449"}],"curies":[{"name":"wp","href":"https:\/\/api.w.org\/{rel}","templated":true}]}}