{"id":42376,"date":"2013-02-01T10:48:12","date_gmt":"2013-02-01T12:48:12","guid":{"rendered":"http:\/\/www.redenoticia.com.br\/noticia\/?p=42376"},"modified":"2013-02-01T10:48:12","modified_gmt":"2013-02-01T12:48:12","slug":"jornada-mundial-da-juventude-em-maringa","status":"publish","type":"post","link":"https:\/\/www.redenoticia.com.br\/noticia\/2013\/jornada-mundial-da-juventude-em-maringa\/42376","title":{"rendered":"Jornada Mundial da Juventude em Maring\u00e1"},"content":{"rendered":"<p>No m\u00eas de fevereiro, os principais s\u00edmbolos da <em><strong>Jornada Mundial da Juventud<\/strong><\/em>e v\u00e3o percorrer todas as dioceses do Paran\u00e1. A passagem da Cruz Peregrina e do \u00cdcone de Nossa Senhora faz parte do evento Bote F\u00e9 que, em Maring\u00e1, ser\u00e1 realizado nos dias 9 e 10 de fevereiro. Organizado pela Arquidiocese de Maring\u00e1, o evento conta com o apoio da Associa\u00e7\u00e3o Comercial (ACIM), Associa\u00e7\u00e3o dos Profissionais de Propaganda (APP) e do Maring\u00e1 e Regi\u00e3o Convention &amp; Visitors Bureau.<\/p>\n<p>Os s\u00edmbolos ser\u00e3o recepcionados \u00e0s 15h do dia 9 (s\u00e1bado), nas proximidades do Shopping Catua\u00ed, e v\u00e3o sair em Peregrina\u00e7\u00e3o por entidades assistenciais da cidade. \u00c0s 20h, na Catedral, haver\u00e1 Missa celebrada por Dom Anuar Battisti e, ao final da Celebra\u00e7\u00e3o, uma Via Sacra ser\u00e1 realizada em torno da Igreja. Uma passeata pela Avenida Tiradentes est\u00e1 programada para as 23h.<\/p>\n<p>A partir da meia-noite, ter\u00e1 in\u00edcio uma vig\u00edlia conduzida pelas Regi\u00f5es Pastorais da Arquidiocese que vai perdurar durante toda a madrugada. \u00c0s 8h do dia 10 (domingo), os s\u00edmbolos v\u00e3o continuar a peregrina\u00e7\u00e3o pelas entidades e retornar\u00e1 para a Catedral para atividades externas. A tarde ser\u00e1 animada pelo DJ Ed Maria, Minist\u00e9rio de Artes Renascer (MAR) e Minist\u00e9rio de Dan\u00e7a S\u00e3o Miguel, e, \u00e0s 16h, uma missa celebrada por Dom Anuar. Ap\u00f3s a celebra\u00e7\u00e3o, haver\u00e1 shows de artistas cat\u00f3licos na Pra\u00e7a da Catedral. Entre as atra\u00e7\u00f5es, est\u00e1 a banca Capella e a cantora de ax\u00e9 cat\u00f3lico, Jake.<\/p>\n<p>Jacquelinne Michelly Santos Trevisan, a Jake, \u00e9 natural de S\u00e3o Paulo, mas est\u00e1 ganhando todo o Brasil. O seu mais recente sucesso, \u201cP\u00f3 Par\u00e1 com P\u00f3\u201d, \u00e9 de composi\u00e7\u00e3o da pr\u00f3pria cantora e j\u00e1 ultrapassou os 800 mil acessos no Youtube. O hit j\u00e1 foi cantado por Daniela Mercury, Chiclete com Banana e Ivete Sangalo, que dividiu o trio el\u00e9trico com Jake em Natal (RN).<\/p>\n<p>O encerramento est\u00e1 previsto para \u00e0s 22h30.<\/p>\n<p>A Cruz<\/p>\n<p>A Cruz de Madeira de 3,8 metros foi constru\u00edda e colocada como s\u00edmbolo da f\u00e9cat\u00f3lico pr\u00f3ximo ao altar principal da Bas\u00edlica de S\u00e3o Pedro durante o Ano Santo da Reden\u00e7\u00e3o (1983 a 1984). O s\u00edmbolo ficou conhecido por diversos nomes. Muitos a denominaram de \u201cCruz dos Jovens\u201d porque ela foi entregue a juventude pelo Papa Jo\u00e3o Paulo II que pediu aos jovens que levassem a cruz por todo o mundo.<\/p>\n<p>Em 1994, a cruz ganhou um novo compromisso que, atualmente, j\u00e1 \u00e9 uma tradi\u00e7\u00e3o. Ela percorre as dioceses do pa\u00eds sede de cada JMJ internacional, como meio de prepara\u00e7\u00e3o espiritual para o evento. \u00c9 a primeira vez que o Brasil recebe a Jornada Mundial da Juventude.<\/p>\n<p>O \u00cdcone de Nossa Senhora<\/p>\n<p>Em 2003, na 18\u00aa Jornada Mundial da Juventude, o papa Jo\u00e3o Paulo II confiou aos jovens mais um s\u00edmbolo para percorrer o mundo juntamente com a Cruz da JMJ. O \u00cdcone de Nossa Senhora \u00e9 uma c\u00f3pia contempor\u00e2nea de um sagrado e antigo \u00edcone encontrado na primeira e maior bas\u00edlica Santa Maria Maior, no Ocidente.<\/p>\n<p>Prepara\u00e7\u00e3o<\/p>\n<p>Em prepara\u00e7\u00e3o a Jornada Mundial da Juventude, jovens cat\u00f3licos realizaram a a\u00e7\u00e3o evangelizadora \u201cRio que Cresce Entre N\u00f3s na Arquidiocese de Maring\u00e1. O projeto foi uma iniciativa do Regional Sul II da CNBB e envolveu jovens de praticamente todas as 56 par\u00f3quias em uma experi\u00eancia mission\u00e1ria que tamb\u00e9m arrecadou fundos para as despesas com a JMJ. No Paran\u00e1, o projeto envolveu as 18 dioceses do regional e, tamb\u00e9m a Eparquia S\u00e3o Jo\u00e3o Batista (Rito Ucraniano).<\/p>\n<p>Em julho do ano passado, a Arquidiocese promoveu o Bote F\u00e9 na Vida em prepara\u00e7\u00e3o a Jornada Mundial da Juventude deste ano. O evento ocorreu na tarde do dia 22 e marcou a contagem regressiva para o in\u00edcio da JMJ, que acontecer\u00e1 no Rio de Janeiro. A caminhada de rua foi animada pelo DJ Ed Maria e mobilizou a juventude cat\u00f3lica da cidade.<\/p>\n<p>Al\u00e9m das atividades a n\u00edvel arquidiocesano, as par\u00f3quias tamb\u00e9m est\u00e3o se mobilizando. Encontros, forma\u00e7\u00f5es, retiros, campanhas, rifas e at\u00e9 festas est\u00e3o sendo organizadas pela juventude para, al\u00e9m de arrecadar fundos para a JMJ, divulgar o maior encontro de jovens cat\u00f3licos do mundo.<\/p>\n","protected":false},"excerpt":{"rendered":"<p>No m\u00eas de fevereiro, os principais s\u00edmbolos da Jornada Mundial da Juventude v\u00e3o percorrer todas as dioceses do Paran\u00e1. A passagem da Cruz Peregrina e do \u00cdcone de Nossa Senhora faz parte do evento Bote F\u00e9 que, em Maring\u00e1, ser\u00e1 realizado nos dias 9 e 10 de fevereiro. Organizado pela Arquidiocese de Maring\u00e1, o evento [&hellip;]<\/p>\n","protected":false},"author":3,"featured_media":28951,"comment_status":"open","ping_status":"closed","sticky":false,"template":"","format":"standard","meta":{"_genesis_hide_title":false,"_genesis_hide_breadcrumbs":false,"_genesis_hide_singular_image":false,"_genesis_hide_footer_widgets":false,"_genesis_custom_body_class":"","_genesis_custom_post_class":"","_genesis_layout":"","_jetpack_memberships_contains_paid_content":false,"footnotes":""},"categories":[22],"tags":[],"class_list":{"0":"post-42376","1":"post","2":"type-post","3":"status-publish","4":"format-standard","5":"has-post-thumbnail","7":"category-brasil","8":"entry","9":"gs-1","10":"gs-odd","11":"gs-even","12":"gs-featured-content-entry"},"jetpack_featured_media_url":"https:\/\/www.redenoticia.com.br\/noticia\/imagens\/concurso-inscricao-vagas-ate.jpg","jetpack_sharing_enabled":true,"jetpack_likes_enabled":true,"_links":{"self":[{"href":"https:\/\/www.redenoticia.com.br\/noticia\/wp-json\/wp\/v2\/posts\/42376","targetHints":{"allow":["GET"]}}],"collection":[{"href":"https:\/\/www.redenoticia.com.br\/noticia\/wp-json\/wp\/v2\/posts"}],"about":[{"href":"https:\/\/www.redenoticia.com.br\/noticia\/wp-json\/wp\/v2\/types\/post"}],"author":[{"embeddable":true,"href":"https:\/\/www.redenoticia.com.br\/noticia\/wp-json\/wp\/v2\/users\/3"}],"replies":[{"embeddable":true,"href":"https:\/\/www.redenoticia.com.br\/noticia\/wp-json\/wp\/v2\/comments?post=42376"}],"version-history":[{"count":0,"href":"https:\/\/www.redenoticia.com.br\/noticia\/wp-json\/wp\/v2\/posts\/42376\/revisions"}],"wp:featuredmedia":[{"embeddable":true,"href":"https:\/\/www.redenoticia.com.br\/noticia\/wp-json\/wp\/v2\/media\/28951"}],"wp:attachment":[{"href":"https:\/\/www.redenoticia.com.br\/noticia\/wp-json\/wp\/v2\/media?parent=42376"}],"wp:term":[{"taxonomy":"category","embeddable":true,"href":"https:\/\/www.redenoticia.com.br\/noticia\/wp-json\/wp\/v2\/categories?post=42376"},{"taxonomy":"post_tag","embeddable":true,"href":"https:\/\/www.redenoticia.com.br\/noticia\/wp-json\/wp\/v2\/tags?post=42376"}],"curies":[{"name":"wp","href":"https:\/\/api.w.org\/{rel}","templated":true}]}}