{"id":42362,"date":"2013-01-31T12:14:29","date_gmt":"2013-01-31T14:14:29","guid":{"rendered":"http:\/\/www.redenoticia.com.br\/noticia\/?p=42362"},"modified":"2013-01-31T12:14:29","modified_gmt":"2013-01-31T14:14:29","slug":"chuvas-fortes-no-centro-e-norte-do-brasil-ate-o-fim-de-semana","status":"publish","type":"post","link":"https:\/\/www.redenoticia.com.br\/noticia\/2013\/chuvas-fortes-no-centro-e-norte-do-brasil-ate-o-fim-de-semana\/42362","title":{"rendered":"Chuvas fortes no centro e norte do Brasil at\u00e9 o fim de semana"},"content":{"rendered":"<p>Nesta quinta-feira a <em><strong>chuva<\/strong><\/em> diminui em rela\u00e7\u00e3o aos \u00faltimos dias no Brasil, mas mesmo assim, o tempo permanece inst\u00e1vel no centro e norte do pa\u00eds e h\u00e1 potencial para precipita\u00e7\u00f5es mais intensas e risco de transtornos como alagamentos em Minas Gerais, S\u00e3o Paulo, Goi\u00e1s (inclusive Goi\u00e2nia), Mato Grosso (Cuiab\u00e1) e Amap\u00e1.<\/p>\n<p>Segundo previs\u00e3o da Somar Meteorologia, amanh\u00e3 volta a chover de forma muito intensa entre o Sudeste e Norte do pa\u00eds, especialmente sobre o Rio de Janeiro, Esp\u00edrito Santo, Minas Gerais, Goi\u00e1s, Mato Grosso, Mato Grosso do Sul, Par\u00e1, Rond\u00f4nia, Amazonas e Acre. Os meteorologistas alertam para o elevado potencial de alagamentos em Mato Grosso, inclusive em Cuiab\u00e1 e tamb\u00e9m em Belo Horizonte.<\/p>\n<p>A chuva n\u00e3o para no fim de semana. No s\u00e1bado, novos temporais atingem Mato Grosso, sul do Par\u00e1, sul do Amazonas, Rond\u00f4nia, Acre, norte de Mato Grosso do Sul, Goi\u00e1s, Minas Gerais e S\u00e3o Paulo. As Capitais mais atingidas ser\u00e3o Cuiab\u00e1 e Porto Velho, al\u00e9m de Goi\u00e2nia e Belo Horizonte.<\/p>\n<p>No domingo, al\u00e9m de \u00e1reas de instabilidade, uma frente fria refor\u00e7a a chuva sobre os Estados do Paran\u00e1, S\u00e3o Paulo, Rio de Janeiro, Minas Gerais, Mato Grosso do Sul, Goi\u00e1s, Mato Grosso, Rond\u00f4nia, Acre e Amazonas. De acordo com o meteorologista Celso Oliveira, Porto velho ser\u00e1 a capital mais atingida, mas tamb\u00e9m h\u00e1 expectativa de elevado acumulado de chuva em S\u00e3o Paulo, Rio de Janeiro e Belo Horizonte.<\/p>\n","protected":false},"excerpt":{"rendered":"<p>Nesta quinta-feira a chuva diminui em rela\u00e7\u00e3o aos \u00faltimos dias no Brasil, mas mesmo assim, o tempo permanece inst\u00e1vel no centro e norte do pa\u00eds e h\u00e1 potencial para precipita\u00e7\u00f5es mais intensas e risco de transtornos como alagamentos em Minas Gerais, S\u00e3o Paulo, Goi\u00e1s (inclusive Goi\u00e2nia), Mato Grosso (Cuiab\u00e1) e Amap\u00e1. Segundo previs\u00e3o da Somar [&hellip;]<\/p>\n","protected":false},"author":3,"featured_media":28409,"comment_status":"open","ping_status":"closed","sticky":false,"template":"","format":"standard","meta":{"_genesis_hide_title":false,"_genesis_hide_breadcrumbs":false,"_genesis_hide_singular_image":false,"_genesis_hide_footer_widgets":false,"_genesis_custom_body_class":"","_genesis_custom_post_class":"","_genesis_layout":"","_jetpack_memberships_contains_paid_content":false,"footnotes":""},"categories":[22,327],"tags":[],"class_list":{"0":"post-42362","1":"post","2":"type-post","3":"status-publish","4":"format-standard","5":"has-post-thumbnail","7":"category-brasil","8":"category-clima","9":"entry","10":"gs-1","11":"gs-odd","12":"gs-even","13":"gs-featured-content-entry"},"jetpack_featured_media_url":"https:\/\/www.redenoticia.com.br\/noticia\/imagens\/previsao-do-tempo-e-temperatura.jpg","jetpack_sharing_enabled":true,"jetpack_likes_enabled":true,"_links":{"self":[{"href":"https:\/\/www.redenoticia.com.br\/noticia\/wp-json\/wp\/v2\/posts\/42362","targetHints":{"allow":["GET"]}}],"collection":[{"href":"https:\/\/www.redenoticia.com.br\/noticia\/wp-json\/wp\/v2\/posts"}],"about":[{"href":"https:\/\/www.redenoticia.com.br\/noticia\/wp-json\/wp\/v2\/types\/post"}],"author":[{"embeddable":true,"href":"https:\/\/www.redenoticia.com.br\/noticia\/wp-json\/wp\/v2\/users\/3"}],"replies":[{"embeddable":true,"href":"https:\/\/www.redenoticia.com.br\/noticia\/wp-json\/wp\/v2\/comments?post=42362"}],"version-history":[{"count":0,"href":"https:\/\/www.redenoticia.com.br\/noticia\/wp-json\/wp\/v2\/posts\/42362\/revisions"}],"wp:featuredmedia":[{"embeddable":true,"href":"https:\/\/www.redenoticia.com.br\/noticia\/wp-json\/wp\/v2\/media\/28409"}],"wp:attachment":[{"href":"https:\/\/www.redenoticia.com.br\/noticia\/wp-json\/wp\/v2\/media?parent=42362"}],"wp:term":[{"taxonomy":"category","embeddable":true,"href":"https:\/\/www.redenoticia.com.br\/noticia\/wp-json\/wp\/v2\/categories?post=42362"},{"taxonomy":"post_tag","embeddable":true,"href":"https:\/\/www.redenoticia.com.br\/noticia\/wp-json\/wp\/v2\/tags?post=42362"}],"curies":[{"name":"wp","href":"https:\/\/api.w.org\/{rel}","templated":true}]}}