{"id":42325,"date":"2013-01-29T14:02:14","date_gmt":"2013-01-29T16:02:14","guid":{"rendered":"http:\/\/www.redenoticia.com.br\/noticia\/?p=42325"},"modified":"2013-01-29T14:02:14","modified_gmt":"2013-01-29T16:02:14","slug":"semana-segue-com-tempo-seco-no-rs","status":"publish","type":"post","link":"https:\/\/www.redenoticia.com.br\/noticia\/2013\/semana-segue-com-tempo-seco-no-rs\/42325","title":{"rendered":"Semana segue com tempo seco no RS"},"content":{"rendered":"<p>Uma grande massa de ar seco mant\u00e9m o <em><strong>tempo<\/strong><\/em> firme e ensolarado em todo o Rio Grande do Sul nesta ter\u00e7a-feira. O calor toma conta do Estado e os term\u00f4metros chegam 33\u00b0C em Santa Maria, 35\u00b0C na Capital e aos 37\u00b0C em Campo Bom. Com esse tempo seco e quente, a umidade relativa do ar despenca nas pr\u00f3ximas horas e o \u00edndice fica inferior a 30% no oeste do Estado. Al\u00e9m disso, o \u00edndice ultravioleta permanece elevado, chegando a n\u00edveis extremos em todo o litoral e boa parte do interior ga\u00facho.<\/p>\n<p>A condi\u00e7\u00e3o do tempo praticamente n\u00e3o muda amanh\u00e3 e espera-se mais um dia de sol e calor em todo o Rio Grande do Sul. De acordo com os meteorologistas da Somar, a temperatura sobe um pouco mais e a m\u00e1xima fica pr\u00f3xima dos 40\u00b0C em Campo Bom. Al\u00e9m disso, a umidade permanece baixa, caindo para algo em torno dos 30%, especialmente no centro, oeste e sul do Estado e o \u00edndice ultravioleta varia entre 11 e 13 na maior parte do Estado (extremo).<\/p>\n<p>O \u00faltimo dia de janeiro ser\u00e1 sem mudan\u00e7a no tempo. O sol predomina e novamente faz calor de quase 40\u00b0C em alguns munic\u00edpios, como Uruguaiana e Campo Bom. Al\u00e9m disso, a umidade relativa do ar permanece baixa e o \u00edndice ultravioleta segue elevado em todos os munic\u00edpios ga\u00fachos.<\/p>\n<p>Mas apesar do atual per\u00edodo seco, alguns munic\u00edpios terminam janeiro com precipita\u00e7\u00e3o acima da m\u00e9dia, como \u00e9 o caso de S\u00e3o Luiz Gonzada e Bag\u00e9. Em Canela e na Capital, o volume de chuva est\u00e1 dentro da m\u00e9dia, com 170mm e 100mm acumulados respectivamente. Soledade foi o munic\u00edpio monitorado pelo Inmet em que menos choveu com apenas 70mm ou metade da m\u00e9dia mensal.<\/p>\n<p>De acordo com o meteorologista Celso Oliveira, o tempo muda no Rio Grande do Sul durante o fim de semana com a chegada de uma nova frente fria, que causa traz chuva generalizada e diminui o calor em todo o Estado.<\/p>\n<p>&#8212;<br \/>\nDeliane Assis<br \/>\nJornalista &#8211; Mtb. 38001<br \/>\nAssessora de Imprensa &#8211; Somar Meteorologia<br \/>\n(11) 9-7620-0102<\/p>\n","protected":false},"excerpt":{"rendered":"<p>Uma grande massa de ar seco mant\u00e9m o tempo firme e ensolarado em todo o Rio Grande do Sul nesta ter\u00e7a-feira. O calor toma conta do Estado e os term\u00f4metros chegam 33\u00b0C em Santa Maria, 35\u00b0C na Capital e aos 37\u00b0C em Campo Bom. Com esse tempo seco e quente, a umidade relativa do ar [&hellip;]<\/p>\n","protected":false},"author":3,"featured_media":28409,"comment_status":"open","ping_status":"closed","sticky":false,"template":"","format":"standard","meta":{"_genesis_hide_title":false,"_genesis_hide_breadcrumbs":false,"_genesis_hide_singular_image":false,"_genesis_hide_footer_widgets":false,"_genesis_custom_body_class":"","_genesis_custom_post_class":"","_genesis_layout":"","_jetpack_memberships_contains_paid_content":false,"footnotes":""},"categories":[22,327],"tags":[],"class_list":{"0":"post-42325","1":"post","2":"type-post","3":"status-publish","4":"format-standard","5":"has-post-thumbnail","7":"category-brasil","8":"category-clima","9":"entry","10":"gs-1","11":"gs-odd","12":"gs-even","13":"gs-featured-content-entry"},"jetpack_featured_media_url":"https:\/\/www.redenoticia.com.br\/noticia\/imagens\/previsao-do-tempo-e-temperatura.jpg","jetpack_sharing_enabled":true,"jetpack_likes_enabled":true,"_links":{"self":[{"href":"https:\/\/www.redenoticia.com.br\/noticia\/wp-json\/wp\/v2\/posts\/42325","targetHints":{"allow":["GET"]}}],"collection":[{"href":"https:\/\/www.redenoticia.com.br\/noticia\/wp-json\/wp\/v2\/posts"}],"about":[{"href":"https:\/\/www.redenoticia.com.br\/noticia\/wp-json\/wp\/v2\/types\/post"}],"author":[{"embeddable":true,"href":"https:\/\/www.redenoticia.com.br\/noticia\/wp-json\/wp\/v2\/users\/3"}],"replies":[{"embeddable":true,"href":"https:\/\/www.redenoticia.com.br\/noticia\/wp-json\/wp\/v2\/comments?post=42325"}],"version-history":[{"count":0,"href":"https:\/\/www.redenoticia.com.br\/noticia\/wp-json\/wp\/v2\/posts\/42325\/revisions"}],"wp:featuredmedia":[{"embeddable":true,"href":"https:\/\/www.redenoticia.com.br\/noticia\/wp-json\/wp\/v2\/media\/28409"}],"wp:attachment":[{"href":"https:\/\/www.redenoticia.com.br\/noticia\/wp-json\/wp\/v2\/media?parent=42325"}],"wp:term":[{"taxonomy":"category","embeddable":true,"href":"https:\/\/www.redenoticia.com.br\/noticia\/wp-json\/wp\/v2\/categories?post=42325"},{"taxonomy":"post_tag","embeddable":true,"href":"https:\/\/www.redenoticia.com.br\/noticia\/wp-json\/wp\/v2\/tags?post=42325"}],"curies":[{"name":"wp","href":"https:\/\/api.w.org\/{rel}","templated":true}]}}