{"id":42307,"date":"2013-01-28T11:45:52","date_gmt":"2013-01-28T13:45:52","guid":{"rendered":"http:\/\/www.redenoticia.com.br\/noticia\/?p=42307"},"modified":"2013-01-28T11:46:26","modified_gmt":"2013-01-28T13:46:26","slug":"governo-rs-pede-que-doacao-de-sangue","status":"publish","type":"post","link":"https:\/\/www.redenoticia.com.br\/noticia\/2013\/governo-rs-pede-que-doacao-de-sangue\/42307","title":{"rendered":"Governo RS pede doa\u00e7\u00e3o de sangue"},"content":{"rendered":"<p>Bras\u00edlia \u2013 Em raz\u00e3o da trag\u00e9dia ocorrida em Santa Maria (RS), a Secretaria de Sa\u00fade do Rio Grande do Sul pede que a comunidade se mobilize para <em><strong>doar sangue<\/strong><\/em> nas pr\u00f3ximas semanas. \u201cApesar de o estoque ter sido suficiente para atender, at\u00e9 o momento, os casos de pacientes internados em Santa Maria e em Porto Alegre, o governo do estado pede o apoio da popula\u00e7\u00e3o para a reposi\u00e7\u00e3o do material\u201d, informou o \u00f3rg\u00e3o.<\/p>\n<p>Ontem (27), o Hemocentro de Santa Maria funcionou extraordinariamente e atendeu mais de 200 volunt\u00e1rios que foram doar sangue. A m\u00e9dia de atendimentos no local, de acordo com a secretaria de Sa\u00fade, \u00e9 75 doa\u00e7\u00f5es por dia. Houve ainda casos de pessoas que foram agendadas para retornar durante a semana, j\u00e1 que a validade de alguns componentes sangu\u00edneos coletados \u00e9 de apenas cinco dias.<\/p>\n<p>As doa\u00e7\u00f5es podem ser realizadas em qualquer unidade da rede de hemocentros p\u00fablicos do Rio Grande do Sul. As condi\u00e7\u00f5es b\u00e1sicas para doar sangue incluem boas condi\u00e7\u00f5es de sa\u00fade, portar documento oficial de identidade com foto e ter idade entre 16 e 68 anos incompletos. Menores de 18 anos precisam de autoriza\u00e7\u00e3o de pais ou respons\u00e1veis legais.<\/p>\n<p>Confira a lista completa de hemocentros no estado:<\/p>\n<p>&#8211; Porto Alegre<br \/>\nAv. Bento Gon\u00e7alves, 3722 &#8211; Partenon &#8211; Porto Alegre<\/p>\n<p>&#8211; Santa Maria<br \/>\nAlameda Santiago do Chile, 35 &#8211; Bairro Nossa Sra. De Lourdes<\/p>\n<p>&#8211; Alegrete<br \/>\nRua Gen. Sampaio, 10 &#8211; Bairro Canudos<\/p>\n<p>&#8211; Caxias do Sul<br \/>\nRua Ernesto Alves, 2260 \u2013 Centro<\/p>\n<p>&#8211; Cruz Alta<br \/>\nRua Bar\u00e3o do Rio Branco, 1445<\/p>\n<p>&#8211; Palmeira das Miss\u00f5es<br \/>\nRua Nassib Nassif esquina Gen. Os\u00f3rio, 351<\/p>\n<p>&#8211; Passo Fundo<br \/>\nAv. Sete de Setembro, 1055 \u2013 Centro<\/p>\n<p>&#8211; Pelotas<br \/>\nAv. Bento Gon\u00e7alves, 4569 \u2013 Centro<\/p>\n<p>&#8211; Santa Rosa<br \/>\nRua Boa Vista,401 \u2013 Centro<\/p>\n<p>&#8212;<br \/>\nPaula Laboissi\u00e8re<br \/>\nRep\u00f3rter da Ag\u00eancia Brasil<br \/>\nEdi\u00e7\u00e3o: L\u00edlian Beraldo<\/p>\n","protected":false},"excerpt":{"rendered":"<p>Bras\u00edlia \u2013 Em raz\u00e3o da trag\u00e9dia ocorrida em Santa Maria (RS), a Secretaria de Sa\u00fade do Rio Grande do Sul pede que a comunidade se mobilize para doar sangue nas pr\u00f3ximas semanas. \u201cApesar de o estoque ter sido suficiente para atender, at\u00e9 o momento, os casos de pacientes internados em Santa Maria e em Porto [&hellip;]<\/p>\n","protected":false},"author":3,"featured_media":18520,"comment_status":"open","ping_status":"closed","sticky":false,"template":"","format":"standard","meta":{"_genesis_hide_title":false,"_genesis_hide_breadcrumbs":false,"_genesis_hide_singular_image":false,"_genesis_hide_footer_widgets":false,"_genesis_custom_body_class":"","_genesis_custom_post_class":"","_genesis_layout":"","_jetpack_memberships_contains_paid_content":false,"footnotes":""},"categories":[22,5],"tags":[],"class_list":{"0":"post-42307","1":"post","2":"type-post","3":"status-publish","4":"format-standard","5":"has-post-thumbnail","7":"category-brasil","8":"category-saude-e-vida","9":"entry","10":"gs-1","11":"gs-odd","12":"gs-even","13":"gs-featured-content-entry"},"jetpack_featured_media_url":"https:\/\/www.redenoticia.com.br\/noticia\/imagens\/doa\u00e7\u00e3o-de-sangue.jpg","jetpack_sharing_enabled":true,"jetpack_likes_enabled":true,"_links":{"self":[{"href":"https:\/\/www.redenoticia.com.br\/noticia\/wp-json\/wp\/v2\/posts\/42307","targetHints":{"allow":["GET"]}}],"collection":[{"href":"https:\/\/www.redenoticia.com.br\/noticia\/wp-json\/wp\/v2\/posts"}],"about":[{"href":"https:\/\/www.redenoticia.com.br\/noticia\/wp-json\/wp\/v2\/types\/post"}],"author":[{"embeddable":true,"href":"https:\/\/www.redenoticia.com.br\/noticia\/wp-json\/wp\/v2\/users\/3"}],"replies":[{"embeddable":true,"href":"https:\/\/www.redenoticia.com.br\/noticia\/wp-json\/wp\/v2\/comments?post=42307"}],"version-history":[{"count":0,"href":"https:\/\/www.redenoticia.com.br\/noticia\/wp-json\/wp\/v2\/posts\/42307\/revisions"}],"wp:featuredmedia":[{"embeddable":true,"href":"https:\/\/www.redenoticia.com.br\/noticia\/wp-json\/wp\/v2\/media\/18520"}],"wp:attachment":[{"href":"https:\/\/www.redenoticia.com.br\/noticia\/wp-json\/wp\/v2\/media?parent=42307"}],"wp:term":[{"taxonomy":"category","embeddable":true,"href":"https:\/\/www.redenoticia.com.br\/noticia\/wp-json\/wp\/v2\/categories?post=42307"},{"taxonomy":"post_tag","embeddable":true,"href":"https:\/\/www.redenoticia.com.br\/noticia\/wp-json\/wp\/v2\/tags?post=42307"}],"curies":[{"name":"wp","href":"https:\/\/api.w.org\/{rel}","templated":true}]}}