{"id":42263,"date":"2013-01-24T14:45:22","date_gmt":"2013-01-24T16:45:22","guid":{"rendered":"http:\/\/www.redenoticia.com.br\/noticia\/?p=42263"},"modified":"2013-01-24T14:45:22","modified_gmt":"2013-01-24T16:45:22","slug":"brasil-assina-acordo-para-enviar-100-pesquisadores-a-europa","status":"publish","type":"post","link":"https:\/\/www.redenoticia.com.br\/noticia\/2013\/brasil-assina-acordo-para-enviar-100-pesquisadores-a-europa\/42263","title":{"rendered":"Brasil assina acordo para enviar 100 pesquisadores \u00e0 Europa"},"content":{"rendered":"<p>Bras\u00edlia &#8211; O Brasil vai enviar 100 doutores e p\u00f3s-doutores aos principais centros de pesquisa da Uni\u00e3o Europeia, pelo Programa <em><strong>Ci\u00eancia Sem Fronteiras<\/strong><\/em>, adiantou o secret\u00e1rio de Pol\u00edticas e Programas de Pesquisa e Desenvolvimento do Minist\u00e9rio de Ci\u00eancia e Tecnologia, Carlos Nobre.<\/p>\n<p>O acordo, que ser\u00e1 assinado hoje (24), prev\u00ea interc\u00e2mbio entre profissionais brasileiros e europeus, al\u00e9m de realiza\u00e7\u00e3o de semin\u00e1rios. A presidenta Dilma Rousseff e o presidente da Comiss\u00e3o Europeia, Jos\u00e9 Manuel Dur\u00e3o Barroso, est\u00e3o reunidos na 6\u00aa C\u00fapula Brasil-Uni\u00e3o Europeia (UE), que ocorre neste momento, no Pal\u00e1cio do Planalto.<\/p>\n<p>Segundo Nobre, os centros ficam em pa\u00edses como B\u00e9lgica, Alemanha, Holanda, Espanha, It\u00e1lia, entre outros. Eles promovem estudos avan\u00e7ados em \u00e1reas de interesse do governo brasileiro, como preven\u00e7\u00e3o a desastres naturais e crises, mudan\u00e7as clim\u00e1ticas e gest\u00e3o sustent\u00e1vel de recursos naturais, energia e nanotecnologia.<\/p>\n<p>Tamb\u00e9m est\u00e3o sendo discutidos temas como a crise financeira internacional, o G20 (grupo das 20 maiores economias no mundo) e quest\u00f5es de seguran\u00e7a internacional no Oriente M\u00e9dio e na \u00c1frica \u2013 que enfrentam crises espec\u00edficas, como no Mali (\u00c1frica) e na S\u00edria (\u00c1frica).<\/p>\n<p>Participam do encontro Van Rompuy, presidente do Conselho Europeu (\u00f3rg\u00e3o pol\u00edtico do bloco) e o comiss\u00e1rio do Com\u00e9rcio, Karel de Gucht, al\u00e9m de ministros brasileiros de v\u00e1rias \u00e1reas, como Antonio Patriota (Rela\u00e7\u00f5es Exteriores).<\/p>\n<p>Luciene Cruz e Danilo Macedo<br \/>\nRep\u00f3rteres da Ag\u00eancia Brasil<br \/>\nEdi\u00e7\u00e3o: Talita Cavalcante<\/p>\n","protected":false},"excerpt":{"rendered":"<p>Bras\u00edlia &#8211; O Brasil vai enviar 100 doutores e p\u00f3s-doutores aos principais centros de pesquisa da Uni\u00e3o Europeia, pelo Programa Ci\u00eancia Sem Fronteiras, adiantou o secret\u00e1rio de Pol\u00edticas e Programas de Pesquisa e Desenvolvimento do Minist\u00e9rio de Ci\u00eancia e Tecnologia, Carlos Nobre. O acordo, que ser\u00e1 assinado hoje (24), prev\u00ea interc\u00e2mbio entre profissionais brasileiros e [&hellip;]<\/p>\n","protected":false},"author":3,"featured_media":36246,"comment_status":"open","ping_status":"closed","sticky":false,"template":"","format":"standard","meta":{"_genesis_hide_title":false,"_genesis_hide_breadcrumbs":false,"_genesis_hide_singular_image":false,"_genesis_hide_footer_widgets":false,"_genesis_custom_body_class":"","_genesis_custom_post_class":"","_genesis_layout":"","_jetpack_memberships_contains_paid_content":false,"footnotes":""},"categories":[22],"tags":[],"class_list":{"0":"post-42263","1":"post","2":"type-post","3":"status-publish","4":"format-standard","5":"has-post-thumbnail","7":"category-brasil","8":"entry","9":"gs-1","10":"gs-odd","11":"gs-even","12":"gs-featured-content-entry"},"jetpack_featured_media_url":"https:\/\/www.redenoticia.com.br\/noticia\/imagens\/professor-a.jpg","jetpack_sharing_enabled":true,"jetpack_likes_enabled":true,"_links":{"self":[{"href":"https:\/\/www.redenoticia.com.br\/noticia\/wp-json\/wp\/v2\/posts\/42263","targetHints":{"allow":["GET"]}}],"collection":[{"href":"https:\/\/www.redenoticia.com.br\/noticia\/wp-json\/wp\/v2\/posts"}],"about":[{"href":"https:\/\/www.redenoticia.com.br\/noticia\/wp-json\/wp\/v2\/types\/post"}],"author":[{"embeddable":true,"href":"https:\/\/www.redenoticia.com.br\/noticia\/wp-json\/wp\/v2\/users\/3"}],"replies":[{"embeddable":true,"href":"https:\/\/www.redenoticia.com.br\/noticia\/wp-json\/wp\/v2\/comments?post=42263"}],"version-history":[{"count":0,"href":"https:\/\/www.redenoticia.com.br\/noticia\/wp-json\/wp\/v2\/posts\/42263\/revisions"}],"wp:featuredmedia":[{"embeddable":true,"href":"https:\/\/www.redenoticia.com.br\/noticia\/wp-json\/wp\/v2\/media\/36246"}],"wp:attachment":[{"href":"https:\/\/www.redenoticia.com.br\/noticia\/wp-json\/wp\/v2\/media?parent=42263"}],"wp:term":[{"taxonomy":"category","embeddable":true,"href":"https:\/\/www.redenoticia.com.br\/noticia\/wp-json\/wp\/v2\/categories?post=42263"},{"taxonomy":"post_tag","embeddable":true,"href":"https:\/\/www.redenoticia.com.br\/noticia\/wp-json\/wp\/v2\/tags?post=42263"}],"curies":[{"name":"wp","href":"https:\/\/api.w.org\/{rel}","templated":true}]}}