{"id":42136,"date":"2013-01-16T14:29:52","date_gmt":"2013-01-16T16:29:52","guid":{"rendered":"http:\/\/www.redenoticia.com.br\/noticia\/?p=42136"},"modified":"2013-01-16T14:29:52","modified_gmt":"2013-01-16T16:29:52","slug":"alimentos-cigarros-e-educacao-pressionam-inflacao-no-pais","status":"publish","type":"post","link":"https:\/\/www.redenoticia.com.br\/noticia\/2013\/alimentos-cigarros-e-educacao-pressionam-inflacao-no-pais\/42136","title":{"rendered":"Alimentos, cigarros e educa\u00e7\u00e3o pressionam infla\u00e7\u00e3o no pa\u00eds"},"content":{"rendered":"<p>S\u00e3o Paulo- O \u00cdndice de Pre\u00e7os ao Consumidor Semanal (<em><strong>IPC-S<\/strong><\/em>), medido pelo Instituto Brasileiro de Economia (Ibre) da Funda\u00e7\u00e3o Getulio Vargas (FGV), subiu de 0,77% para 0,89% na segunda pr\u00e9via de janeiro. Quatro dos oito grupos pesquisados apresentaram acr\u00e9scimos, entre eles despesas diversas (que passou de 2,20% para 3,24%) sob o efeito dos cigarros (de 5,09% para 7,22%).<\/p>\n<p>No grupo alimenta\u00e7\u00e3o, a taxa atingiu 1,78% ante 1,57%, com a eleva\u00e7\u00e3o das hortali\u00e7as e legumes (que subiu de 5,35% para 11,20%). E, como sempre ocorre nesta \u00e9poca do ano, o grupo educa\u00e7\u00e3o, leitura e recrea\u00e7\u00e3o teve forte avan\u00e7o, passando de 1,26% para 2,09% em consequ\u00eancia das corre\u00e7\u00f5es de pre\u00e7os dos cursos formais (que passaram de 1,81% para 4,07%).<\/p>\n<p>Em habita\u00e7\u00e3o, o \u00edndice aumentou de 0,26% para 0,32%, puxado pela alta no segmento de m\u00f3veis (de -0,32% para 0,43%). Nos demais grupos, as eleva\u00e7\u00f5es ocorreram com taxas menores do que na pesquisa anterior &#8211; vestu\u00e1rio (de 0,64% para 0,13%), com destaque para a queda na m\u00e9dia de pre\u00e7os das roupas ( de 0,59% para -0,32%) e dos transportes (de 0,34% para 0,30%). Entre os motivos, est\u00e1 a tarifa de t\u00e1xi (5,11% para 0,41%).<\/p>\n<p>Em sa\u00fade e cuidados pessoais houve ligeiro decr\u00e9scimo (de 0,58% para 0,56%), com influ\u00eancia dos servi\u00e7os de sal\u00e3o de beleza (de 1,33% para 0,99%), e comunica\u00e7\u00e3o (de 0,04% para 0,02%), provocada pela estabilidade na cobran\u00e7a da mensalidade para a TV por assinatura (de 0,09% para 0,00%).<\/p>\n<p>Os cinco itens que mais contribu\u00edram para o aumento da infla\u00e7\u00e3o foram: cigarros (de 5,09% para 7,22%); refei\u00e7\u00f5es em bares e restaurantes (de 1,10% para 0,80%); tomate (de 8,77% para 16,31%); curso de ensino fundamental (de 2,19% para 5,21%) e curso de ensino superior (de 1,44% para 2,99%)<\/p>\n<p>Marli Moreira<br \/>\nRep\u00f3rter da Ag\u00eancia Brasil<br \/>\nEdi\u00e7\u00e3o: Gra\u00e7a Adjuto<\/p>\n","protected":false},"excerpt":{"rendered":"<p>S\u00e3o Paulo- O \u00cdndice de Pre\u00e7os ao Consumidor Semanal (IPC-S), medido pelo Instituto Brasileiro de Economia (Ibre) da Funda\u00e7\u00e3o Getulio Vargas (FGV), subiu de 0,77% para 0,89% na segunda pr\u00e9via de janeiro. Quatro dos oito grupos pesquisados apresentaram acr\u00e9scimos, entre eles despesas diversas (que passou de 2,20% para 3,24%) sob o efeito dos cigarros (de [&hellip;]<\/p>\n","protected":false},"author":3,"featured_media":34916,"comment_status":"open","ping_status":"closed","sticky":false,"template":"","format":"standard","meta":{"_genesis_hide_title":false,"_genesis_hide_breadcrumbs":false,"_genesis_hide_singular_image":false,"_genesis_hide_footer_widgets":false,"_genesis_custom_body_class":"","_genesis_custom_post_class":"","_genesis_layout":"","_jetpack_memberships_contains_paid_content":false,"footnotes":""},"categories":[22,7],"tags":[],"class_list":{"0":"post-42136","1":"post","2":"type-post","3":"status-publish","4":"format-standard","5":"has-post-thumbnail","7":"category-brasil","8":"category-economia","9":"entry","10":"gs-1","11":"gs-odd","12":"gs-even","13":"gs-featured-content-entry"},"jetpack_featured_media_url":"https:\/\/www.redenoticia.com.br\/noticia\/imagens\/inflacao.jpg","jetpack_sharing_enabled":true,"jetpack_likes_enabled":true,"_links":{"self":[{"href":"https:\/\/www.redenoticia.com.br\/noticia\/wp-json\/wp\/v2\/posts\/42136","targetHints":{"allow":["GET"]}}],"collection":[{"href":"https:\/\/www.redenoticia.com.br\/noticia\/wp-json\/wp\/v2\/posts"}],"about":[{"href":"https:\/\/www.redenoticia.com.br\/noticia\/wp-json\/wp\/v2\/types\/post"}],"author":[{"embeddable":true,"href":"https:\/\/www.redenoticia.com.br\/noticia\/wp-json\/wp\/v2\/users\/3"}],"replies":[{"embeddable":true,"href":"https:\/\/www.redenoticia.com.br\/noticia\/wp-json\/wp\/v2\/comments?post=42136"}],"version-history":[{"count":0,"href":"https:\/\/www.redenoticia.com.br\/noticia\/wp-json\/wp\/v2\/posts\/42136\/revisions"}],"wp:featuredmedia":[{"embeddable":true,"href":"https:\/\/www.redenoticia.com.br\/noticia\/wp-json\/wp\/v2\/media\/34916"}],"wp:attachment":[{"href":"https:\/\/www.redenoticia.com.br\/noticia\/wp-json\/wp\/v2\/media?parent=42136"}],"wp:term":[{"taxonomy":"category","embeddable":true,"href":"https:\/\/www.redenoticia.com.br\/noticia\/wp-json\/wp\/v2\/categories?post=42136"},{"taxonomy":"post_tag","embeddable":true,"href":"https:\/\/www.redenoticia.com.br\/noticia\/wp-json\/wp\/v2\/tags?post=42136"}],"curies":[{"name":"wp","href":"https:\/\/api.w.org\/{rel}","templated":true}]}}