{"id":41985,"date":"2013-01-08T10:55:31","date_gmt":"2013-01-08T12:55:31","guid":{"rendered":"http:\/\/www.redenoticia.com.br\/noticia\/?p=41985"},"modified":"2013-01-08T18:59:22","modified_gmt":"2013-01-08T20:59:22","slug":"lista-de-cursos-do-ensino-superior-com-nota-ruim-no-cpc","status":"publish","type":"post","link":"https:\/\/www.redenoticia.com.br\/noticia\/2013\/lista-de-cursos-do-ensino-superior-com-nota-ruim-no-cpc\/41985","title":{"rendered":"Lista de cursos do ensino superior com nota ruim no CPC"},"content":{"rendered":"<p>Bras\u00edlia \u2013 A Secretaria de Regula\u00e7\u00e3o e Supervis\u00e3o da Educa\u00e7\u00e3o Superior do Minist\u00e9rio da Educa\u00e7\u00e3o (MEC) publicou na edi\u00e7\u00e3o de hoje (8) do\u00a0Di\u00e1rio Oficial da Uni\u00e3o\u00a0lista com 38 cursos de gradua\u00e7\u00e3o com resultado insatisfat\u00f3rio no Conceito Preliminar de Cursos (CPC) de 2011. Esse conceito avalia o rendimento dos alunos, a infraestrutura e a equipe de profissionais de educa\u00e7\u00e3o.<\/p>\n<p>Os 38 cursos est\u00e3o espalhados por 21 institui\u00e7\u00f5es de ensino, entre institutos federais de educa\u00e7\u00e3o, centros universit\u00e1rios e universidades federais. Essa \u00e9 a primeira vez que os cursos apresentam nota ruim e agora ficam sujeitos a medidas de regula\u00e7\u00e3o e supervis\u00e3o para melhorar a avalia\u00e7\u00e3o. Tamb\u00e9m h\u00e1 perda de autonomia de a\u00e7\u00f5es, como a amplia\u00e7\u00e3o do n\u00famero de vagas.<\/p>\n<p>Todos os cursos da lista tiveram conceito inferior a 2 no CPC relativo a 2011. Para os cursos com conceito inferior a 3, o MEC estabelece exig\u00eancias como assinatura de um plano de melhorias com medidas a serem tomadas a curto e a m\u00e9dio prazo. O CPC concede notas de 1 a 5.<\/p>\n<p>Em 60 dias, os cursos mal-avaliados devem passar por reestrutura\u00e7\u00e3o no corpo docente com a\u00e7\u00f5es como investimento em qualifica\u00e7\u00e3o e dedica\u00e7\u00e3o integral dos docentes. Em 180 dias, deve ser feita a readequa\u00e7\u00e3o da infraestrutura e do projeto pedag\u00f3gico.<\/p>\n<p>O plano de melhoria \u00e9 acompanhado por uma comiss\u00e3o de avalia\u00e7\u00e3o que far\u00e1 relat\u00f3rios bimestrais sobre a evolu\u00e7\u00e3o das corre\u00e7\u00f5es determinadas pelo MEC. Caso as medidas n\u00e3o sejam cumpridas, ser\u00e1 instaurado processo administrativo que pode resultar no fechamento do curso. Al\u00e9m disso, os cursos e institui\u00e7\u00f5es com conceito inferior a 3 ficam automaticamente impedidos de oferecer o benef\u00edcio do Fundo de Financiamento Estudantil (Fies).<\/p>\n<p>Em 2011, o MEC avaliou 8.665 cursos. Cursos seguidamente mal-avaliados pela pasta ficam impedidos de realizar vestibular. Confira aqui\u00a0<a href=\"http:\/\/www.in.gov.br\/visualiza\/index.jsp?data=08\/01\/2013&amp;jornal=1&amp;pagina=7&amp;totalArquivos=56\" target=\"_blank\">a lista com os 38 cursos superiores<\/a>\u00a0que tiveram \u201cresultado insatisfat\u00f3rio\u201d, conforme conceito usado no\u00a0despacho que acompanha a rela\u00e7\u00e3o publicada hoje.<\/p>\n<p>A lista dos 38 cursos complementa\u00a0o conjunto de medidas anunciadas em dezembro pelo MEC. Eles obtiveram conceito insatisfat\u00f3rio pela primeira vez, assim como\u00a0<a href=\"http:\/\/www.in.gov.br\/visualiza\/index.jsp?data=19\/12\/2012&amp;jornal=1&amp;pagina=30&amp;totalArquivos=168\" target=\"_blank\">os cursos listados<\/a>\u00a0no despacho do secret\u00e1rio\u00a0publicado em 19 de dezembro passado. A rela\u00e7\u00e3o de hoje inclui os cursos que ainda n\u00e3o haviam entrado na listagem oficial de perda de autonomia porque passavam por processo de an\u00e1lise, conclu\u00edda agora.<\/p>\n<p>Yara Aquino<br \/>\nRep\u00f3rter da Ag\u00eancia Brasil<br \/>\nEdi\u00e7\u00e3o: Davi Oliveira<\/p>\n","protected":false},"excerpt":{"rendered":"<p>Bras\u00edlia \u2013 A Secretaria de Regula\u00e7\u00e3o e Supervis\u00e3o da Educa\u00e7\u00e3o Superior do Minist\u00e9rio da Educa\u00e7\u00e3o (MEC) publicou na edi\u00e7\u00e3o de hoje (8) do\u00a0Di\u00e1rio Oficial da Uni\u00e3o\u00a0lista com 38 cursos de gradua\u00e7\u00e3o com resultado insatisfat\u00f3rio no Conceito Preliminar de Cursos (CPC) de 2011. Esse conceito avalia o rendimento dos alunos, a infraestrutura e a equipe de [&hellip;]<\/p>\n","protected":false},"author":3,"featured_media":36241,"comment_status":"open","ping_status":"closed","sticky":false,"template":"","format":"standard","meta":{"_genesis_hide_title":false,"_genesis_hide_breadcrumbs":false,"_genesis_hide_singular_image":false,"_genesis_hide_footer_widgets":false,"_genesis_custom_body_class":"","_genesis_custom_post_class":"","_genesis_layout":"","_jetpack_memberships_contains_paid_content":false,"footnotes":""},"categories":[22],"tags":[],"class_list":{"0":"post-41985","1":"post","2":"type-post","3":"status-publish","4":"format-standard","5":"has-post-thumbnail","7":"category-brasil","8":"entry","9":"gs-1","10":"gs-odd","11":"gs-even","12":"gs-featured-content-entry"},"jetpack_featured_media_url":"https:\/\/www.redenoticia.com.br\/noticia\/imagens\/professor-b.jpg","jetpack_sharing_enabled":true,"jetpack_likes_enabled":true,"_links":{"self":[{"href":"https:\/\/www.redenoticia.com.br\/noticia\/wp-json\/wp\/v2\/posts\/41985","targetHints":{"allow":["GET"]}}],"collection":[{"href":"https:\/\/www.redenoticia.com.br\/noticia\/wp-json\/wp\/v2\/posts"}],"about":[{"href":"https:\/\/www.redenoticia.com.br\/noticia\/wp-json\/wp\/v2\/types\/post"}],"author":[{"embeddable":true,"href":"https:\/\/www.redenoticia.com.br\/noticia\/wp-json\/wp\/v2\/users\/3"}],"replies":[{"embeddable":true,"href":"https:\/\/www.redenoticia.com.br\/noticia\/wp-json\/wp\/v2\/comments?post=41985"}],"version-history":[{"count":0,"href":"https:\/\/www.redenoticia.com.br\/noticia\/wp-json\/wp\/v2\/posts\/41985\/revisions"}],"wp:featuredmedia":[{"embeddable":true,"href":"https:\/\/www.redenoticia.com.br\/noticia\/wp-json\/wp\/v2\/media\/36241"}],"wp:attachment":[{"href":"https:\/\/www.redenoticia.com.br\/noticia\/wp-json\/wp\/v2\/media?parent=41985"}],"wp:term":[{"taxonomy":"category","embeddable":true,"href":"https:\/\/www.redenoticia.com.br\/noticia\/wp-json\/wp\/v2\/categories?post=41985"},{"taxonomy":"post_tag","embeddable":true,"href":"https:\/\/www.redenoticia.com.br\/noticia\/wp-json\/wp\/v2\/tags?post=41985"}],"curies":[{"name":"wp","href":"https:\/\/api.w.org\/{rel}","templated":true}]}}