{"id":41797,"date":"2012-12-24T05:28:52","date_gmt":"2012-12-24T07:28:52","guid":{"rendered":"http:\/\/www.redenoticia.com.br\/noticia\/?p=41797"},"modified":"2012-12-22T22:35:43","modified_gmt":"2012-12-23T00:35:43","slug":"capacitacao-de-profissionais-na-fabricacao-de-proteses-e-orteses","status":"publish","type":"post","link":"https:\/\/www.redenoticia.com.br\/noticia\/2012\/capacitacao-de-profissionais-na-fabricacao-de-proteses-e-orteses\/41797","title":{"rendered":"Capacita\u00e7\u00e3o de profissionais na fabrica\u00e7\u00e3o de pr\u00f3teses e \u00f3rteses"},"content":{"rendered":"<p>S\u00e3o Paulo \u2013 Para reduzir a car\u00eancia de profissionais que produzem \u00f3rteses e pr\u00f3teses, principalmente nas regi\u00f5es Norte e Nordeste, o Minist\u00e9rio da Sa\u00fade fez uma parceria com a Associa\u00e7\u00e3o de Assist\u00eancia \u00e0 Crian\u00e7a Deficiente (AACD) que prev\u00ea a libera\u00e7\u00e3o de R$ 348 mil para a <em><strong>capacita\u00e7\u00e3o<\/strong><\/em> de mais de 200 pessoas para atuar nesse trabalho. O conv\u00eanio foi assinado pelo ministro Alexandre Padilha, no Hospital Abreu Sodr\u00e9, em S\u00e3o Paulo.<\/p>\n<p>\u201cQueremos capacitar mais de 200 profissionais em \u00f3rteses e pr\u00f3teses aqui na oficina da AACD [em S\u00e3o Paulo] e, com isso, ter l\u00e1 no interior e nas capitais do Nordeste profissionais capacitados para fazer \u00f3rteses e pr\u00f3teses\u201d, disse o ministro, ap\u00f3s visitar a sede da associa\u00e7\u00e3o em S\u00e3o Paulo.<\/p>\n<p>Segundo Regina Helena Scripilliti Velloso, presidenta volunt\u00e1ria do Conselho de Administra\u00e7\u00e3o da AACD, a assinatura do conv\u00eanio deve ajudar a suprir a falta de m\u00e3o de obra de ortesistas e protesistas do pa\u00eds. \u201cPor meio desse conv\u00eanio, a AACD vai disponibilizar sua estrutura e seu conhecimento e vai capacitar entre 200 e 300 pessoas para as oficinas ortop\u00e9dicas do Nordeste\u201d, explicou.<\/p>\n<p>Al\u00e9m da parceria, outros dois conv\u00eanios foram assinados na tarde de hoje (21) entre o Minist\u00e9rio da Sa\u00fade e a AACD. Um se refere a recursos para ajudar a AACD a ter novos equipamentos para cuidar de crian\u00e7as, sobretudo na parte de reabilita\u00e7\u00e3o, com investimento de R$ 500 mil. Outra parceria apoia a associa\u00e7\u00e3o no desenvolvimento de um novo aparelho para reabilita\u00e7\u00e3o f\u00edsica.<\/p>\n<p>\u201cA AACD desenvolveu, ao longo do \u00faltimo ano, um equipamento utilizado para reabilita\u00e7\u00e3o de pacientes que tiveram isquemia, derrame cerebral e de crian\u00e7as com paralisia cerebral. O Minist\u00e9rio da Sa\u00fade tem todo o interesse em ter dados mais detalhados da recupera\u00e7\u00e3o das pessoas utilizando esse equipamento para incorporarmos seu uso a outras unidades do Sistema \u00danico de Sa\u00fade\u201d, disse o ministro.<\/p>\n<p>As iniciativas fazem parte do Programa Viver sem Limite, criado em novembro do ano passado e que prev\u00ea a amplia\u00e7\u00e3o do acesso e a qualifica\u00e7\u00e3o do atendimento \u00e0s pessoas com defici\u00eancia permanente ou tempor\u00e1ria no Sistema \u00danico de Sa\u00fade (SUS), entre outras a\u00e7\u00f5es.<\/p>\n<p>Elaine Patricia Cruz<br \/>\nRep\u00f3rter da Ag\u00eancia Brasil<br \/>\nEdi\u00e7\u00e3o: Davi Oliveira<\/p>\n","protected":false},"excerpt":{"rendered":"<p>S\u00e3o Paulo \u2013 Para reduzir a car\u00eancia de profissionais que produzem \u00f3rteses e pr\u00f3teses, principalmente nas regi\u00f5es Norte e Nordeste, o Minist\u00e9rio da Sa\u00fade fez uma parceria com a Associa\u00e7\u00e3o de Assist\u00eancia \u00e0 Crian\u00e7a Deficiente (AACD) que prev\u00ea a libera\u00e7\u00e3o de R$ 348 mil para a capacita\u00e7\u00e3o de mais de 200 pessoas para atuar nesse [&hellip;]<\/p>\n","protected":false},"author":3,"featured_media":36246,"comment_status":"open","ping_status":"closed","sticky":false,"template":"","format":"standard","meta":{"_genesis_hide_title":false,"_genesis_hide_breadcrumbs":false,"_genesis_hide_singular_image":false,"_genesis_hide_footer_widgets":false,"_genesis_custom_body_class":"","_genesis_custom_post_class":"","_genesis_layout":"","_jetpack_memberships_contains_paid_content":false,"footnotes":""},"categories":[22,5],"tags":[],"class_list":{"0":"post-41797","1":"post","2":"type-post","3":"status-publish","4":"format-standard","5":"has-post-thumbnail","7":"category-brasil","8":"category-saude-e-vida","9":"entry","10":"gs-1","11":"gs-odd","12":"gs-even","13":"gs-featured-content-entry"},"jetpack_featured_media_url":"https:\/\/www.redenoticia.com.br\/noticia\/imagens\/professor-a.jpg","jetpack_sharing_enabled":true,"jetpack_likes_enabled":true,"_links":{"self":[{"href":"https:\/\/www.redenoticia.com.br\/noticia\/wp-json\/wp\/v2\/posts\/41797","targetHints":{"allow":["GET"]}}],"collection":[{"href":"https:\/\/www.redenoticia.com.br\/noticia\/wp-json\/wp\/v2\/posts"}],"about":[{"href":"https:\/\/www.redenoticia.com.br\/noticia\/wp-json\/wp\/v2\/types\/post"}],"author":[{"embeddable":true,"href":"https:\/\/www.redenoticia.com.br\/noticia\/wp-json\/wp\/v2\/users\/3"}],"replies":[{"embeddable":true,"href":"https:\/\/www.redenoticia.com.br\/noticia\/wp-json\/wp\/v2\/comments?post=41797"}],"version-history":[{"count":0,"href":"https:\/\/www.redenoticia.com.br\/noticia\/wp-json\/wp\/v2\/posts\/41797\/revisions"}],"wp:featuredmedia":[{"embeddable":true,"href":"https:\/\/www.redenoticia.com.br\/noticia\/wp-json\/wp\/v2\/media\/36246"}],"wp:attachment":[{"href":"https:\/\/www.redenoticia.com.br\/noticia\/wp-json\/wp\/v2\/media?parent=41797"}],"wp:term":[{"taxonomy":"category","embeddable":true,"href":"https:\/\/www.redenoticia.com.br\/noticia\/wp-json\/wp\/v2\/categories?post=41797"},{"taxonomy":"post_tag","embeddable":true,"href":"https:\/\/www.redenoticia.com.br\/noticia\/wp-json\/wp\/v2\/tags?post=41797"}],"curies":[{"name":"wp","href":"https:\/\/api.w.org\/{rel}","templated":true}]}}