{"id":41783,"date":"2012-12-21T17:09:02","date_gmt":"2012-12-21T19:09:02","guid":{"rendered":"http:\/\/www.redenoticia.com.br\/noticia\/?p=41783"},"modified":"2012-12-21T17:10:04","modified_gmt":"2012-12-21T19:10:04","slug":"previsao-do-tempo-para-o-feriado-de-natal","status":"publish","type":"post","link":"https:\/\/www.redenoticia.com.br\/noticia\/2012\/previsao-do-tempo-para-o-feriado-de-natal\/41783","title":{"rendered":"Previs\u00e3o do tempo para o feriado de Natal"},"content":{"rendered":"<p>O ver\u00e3o come\u00e7ou nesta sexta-feira, dia 21, \u00e0s 9h11 hor\u00e1rio de Bras\u00edlia, e a <em><strong>previs\u00e3o do tempo<\/strong><\/em> para o fim de semana prolongado do Natal \u00e9 de condi\u00e7\u00f5es t\u00edpicas da esta\u00e7\u00e3o em grande parte do Brasil, com sol, calor e pancadas de chuva. Apenas no Nordeste a previs\u00e3o \u00e9 de pouca chuva nos pr\u00f3ximos dias. Confira a previs\u00e3o para todas as regi\u00f5es do pa\u00eds.<\/p>\n<p>Sul<br \/>\nAp\u00f3s uma semana com muita chuva e transtornos no Rio Grande do Sul o tempo volta a abrir no Estado neste s\u00e1bado. Apenas no oeste e norte ga\u00facho o tempo permanecer\u00e1 inst\u00e1vel, com chuvas isoladas e de baixo acumulado nas primeiras horas da manh\u00e3 e a partir do fim do dia. Em Santa Catarina e no Paran\u00e1 o tempo ainda fica int\u00e1vel e h\u00e1 condi\u00e7\u00e3o para temporais isolados. Por conta dos ventos que sopram do quadrante sul, as temperaturas j\u00e1 n\u00e3o se elevam tanto quanto nos \u00faltimos dias, mas mesmo assim, ainda faz calor \u00e0 tarde.<\/p>\n<p>No domingo, o calor retorna ao Estado ga\u00facho e no final do dia nuvens mais carregadas se formam, provocando pancadas de chuva entre o norte, oeste, centro, campanha e extremo sul. Entre Santa Catarina e o Paran\u00e1 o sol aparece ao longo do dia e faz calor principalmente na faixa oeste, onde ocorrem chuvas r\u00e1pidas no fim do dia. No dia 24, chove forte no oeste e sul do Estado ga\u00facho, devido a chegada de uma frente fria. J\u00e1 no dia 25 de dezembro, com o avan\u00e7o do sistema pelo Estado, deve chover forte em todo o Rio Grande do Sul. Em Santa Catarina e no Paran\u00e1, predominam as condi\u00e7\u00f5es t\u00edpicas de ver\u00e3o, com sol, calor e pancadas de chuva, que podem ser intensas em algumas regi\u00f5es, mas de curta dura\u00e7\u00e3o.<\/p>\n<p>Sudeste<br \/>\nA passagem de uma frente fria pela costa da Regi\u00e3o volta a organizar a umidade da Amaz\u00f4nia, fazendo com que as chuvas se intensifiquem. O dia j\u00e1 come\u00e7a com mais nebulosidade e chove a qualquer momento no Estado de S\u00e3o Paulo e em boa parte de Minas Gerais. Ao longo do dia, a frente fria avan\u00e7a, provocando chuvas sobre o Rio de Janeiro e o sul do Esp\u00edrito Santo. Com o tempo um pouco mais encoberto, o calor diminui.<\/p>\n<p>No domingo, a frente fria estaciona sobre o Sudeste, mantendo o tempo inst\u00e1vel em boa parte da Regi\u00e3o. As chuvas at\u00e9 perdem intensidade, mas durante o dia h\u00e1 bastante varia\u00e7\u00e3o de nebulosidade e condi\u00e7\u00e3o para pancadas de chuva, sendo mais intensas na divisa entre S\u00e3o Paulo e Minas Gerais. J\u00e1 no sul de S\u00e3o Paulo, norte do Rio de Janeiro e de Minas Gerais al\u00e9m do Esp\u00edrito Santo, a previs\u00e3o \u00e9 de tempo mais firme durante o domingo. Para segunda, dia 24, e ter\u00e7a-feira, dia de Natal, a previs\u00e3o \u00e9 de sol, calor e pancadas de chuva, que podem ser mais fortes sobre o Estado de S\u00e3o Paulo.<\/p>\n<p>Centro-Oeste<br \/>\nO calor predomina na Regi\u00e3o e instabilidades associadas a um canal que transporta umidade da Regi\u00e3o da Amaz\u00f4nia geram nuvens mais carregadas sobre o Brasil Central e h\u00e1 risco de temporais no Estado de Goi\u00e1s e no Distrito Federal. Al\u00e9m disso, h\u00e1 pancadas de chuvas de forma mais isolada nos Estados do Mato Grosso e Mato Grosso do Sul.<\/p>\n<p>No domingo, o calor e a presen\u00e7a de umidade provocam pancadas de chuva r\u00e1pidas e isoladas em boa parte dos Estados. Apenas no noroeste do Estado de Goi\u00e1s o tempo fica mais firme, com sol entre nuvens e \u00edndices de umidade relativa do ar mais baixos no per\u00edodo da tarde. Nos dias 24 e 25 permanecem as condi\u00e7\u00f5es t\u00edpicas de ver\u00e3o, com as chuvas mais intensas concentradas sobre no sul do Mato Grosso do Sul.<\/p>\n<p>Norte<br \/>\nO calor predomina durante todo o s\u00e1bado e pancadas de chuva atingem boa parte dos Estados a partir do final da tarde, com exce\u00e7\u00e3o da metade leste da Regi\u00e3o, onde o tempo fica seco e os \u00edndices de umidade voltam a atingir valores inferior aos 30% em algumas \u00e1reas. O domingo ser\u00e1 com muita nuvens e pancadas de chuvas sobre a Regi\u00e3o Norte e por conta do calor n\u00e3o se descarta o potencial de trovoadas e ventos fortes. No sudeste do Tocantins, o dia fica mais firme e o sol predomina, desta forma s\u00e3o esperados baixos \u00edndices de umidade relativa nesta regi\u00e3o. Para o Natal a tend\u00eancia \u00e9 de tempo aberto durante boa parte do dia e por conta do calor e umidade, nuvens mais carregadas se formam provocando chuva na forma de pancadas na maior parte da Regi\u00e3o, com risco de temporais principalmente entre o Estado do Amazonas e o Acre.<\/p>\n<p>Nordeste<br \/>\nO fim de semana come\u00e7a com tempo firme e sem chances de chuva em praticamente todo o Nordeste. Com o calor, a umidade relativa do ar cai durante a tarde e atinge n\u00edveis abaixo dos 30% em v\u00e1rias regi\u00f5es. Somente no sudoeste da Bahia e noroeste do Maranh\u00e3o, h\u00e1 previs\u00e3o de pancadas isoladas. Pouca coisa muda no domingo e tamb\u00e9m na v\u00e9spera e dia de Natal no Nordeste. O tempo seco predomina na Regi\u00e3o, com pancadas de chuva principalmente sobre o sobre o Piau\u00ed, Maranh\u00e3o e sul da Bahia.<\/p>\n","protected":false},"excerpt":{"rendered":"<p>O ver\u00e3o come\u00e7ou nesta sexta-feira, dia 21, \u00e0s 9h11 hor\u00e1rio de Bras\u00edlia, e a previs\u00e3o do tempo para o fim de semana prolongado do Natal \u00e9 de condi\u00e7\u00f5es t\u00edpicas da esta\u00e7\u00e3o em grande parte do Brasil, com sol, calor e pancadas de chuva. Apenas no Nordeste a previs\u00e3o \u00e9 de pouca chuva nos pr\u00f3ximos dias. [&hellip;]<\/p>\n","protected":false},"author":3,"featured_media":28409,"comment_status":"open","ping_status":"closed","sticky":false,"template":"","format":"standard","meta":{"_genesis_hide_title":false,"_genesis_hide_breadcrumbs":false,"_genesis_hide_singular_image":false,"_genesis_hide_footer_widgets":false,"_genesis_custom_body_class":"","_genesis_custom_post_class":"","_genesis_layout":"","_jetpack_memberships_contains_paid_content":false,"footnotes":""},"categories":[22,327,376],"tags":[],"class_list":{"0":"post-41783","1":"post","2":"type-post","3":"status-publish","4":"format-standard","5":"has-post-thumbnail","7":"category-brasil","8":"category-clima","9":"category-clima-brasil","10":"entry","11":"gs-1","12":"gs-odd","13":"gs-even","14":"gs-featured-content-entry"},"jetpack_featured_media_url":"https:\/\/www.redenoticia.com.br\/noticia\/imagens\/previsao-do-tempo-e-temperatura.jpg","jetpack_sharing_enabled":true,"jetpack_likes_enabled":true,"_links":{"self":[{"href":"https:\/\/www.redenoticia.com.br\/noticia\/wp-json\/wp\/v2\/posts\/41783","targetHints":{"allow":["GET"]}}],"collection":[{"href":"https:\/\/www.redenoticia.com.br\/noticia\/wp-json\/wp\/v2\/posts"}],"about":[{"href":"https:\/\/www.redenoticia.com.br\/noticia\/wp-json\/wp\/v2\/types\/post"}],"author":[{"embeddable":true,"href":"https:\/\/www.redenoticia.com.br\/noticia\/wp-json\/wp\/v2\/users\/3"}],"replies":[{"embeddable":true,"href":"https:\/\/www.redenoticia.com.br\/noticia\/wp-json\/wp\/v2\/comments?post=41783"}],"version-history":[{"count":0,"href":"https:\/\/www.redenoticia.com.br\/noticia\/wp-json\/wp\/v2\/posts\/41783\/revisions"}],"wp:featuredmedia":[{"embeddable":true,"href":"https:\/\/www.redenoticia.com.br\/noticia\/wp-json\/wp\/v2\/media\/28409"}],"wp:attachment":[{"href":"https:\/\/www.redenoticia.com.br\/noticia\/wp-json\/wp\/v2\/media?parent=41783"}],"wp:term":[{"taxonomy":"category","embeddable":true,"href":"https:\/\/www.redenoticia.com.br\/noticia\/wp-json\/wp\/v2\/categories?post=41783"},{"taxonomy":"post_tag","embeddable":true,"href":"https:\/\/www.redenoticia.com.br\/noticia\/wp-json\/wp\/v2\/tags?post=41783"}],"curies":[{"name":"wp","href":"https:\/\/api.w.org\/{rel}","templated":true}]}}