{"id":41768,"date":"2012-12-20T10:17:18","date_gmt":"2012-12-20T12:17:18","guid":{"rendered":"http:\/\/www.redenoticia.com.br\/noticia\/?p=41768"},"modified":"2012-12-20T15:20:57","modified_gmt":"2012-12-20T17:20:57","slug":"rodovias-paulistas-tem-transito-interrompido-em-ato-do-mst","status":"publish","type":"post","link":"https:\/\/www.redenoticia.com.br\/noticia\/2012\/rodovias-paulistas-tem-transito-interrompido-em-ato-do-mst\/41768","title":{"rendered":"Rodovias paulistas t\u00eam tr\u00e2nsito interrompido em ato do MST"},"content":{"rendered":"<p>S\u00e3o Paulo &#8211; Integrantes do Movimento dos Trabalhadores Rurais Sem Terra (<em><strong>MST<\/strong><\/em>) fizeram na manh\u00e3 de hoje (20) manifesta\u00e7\u00f5es em dez <em><strong>rodovias<\/strong><\/em> de diferentes regi\u00f5es do estado paulista. Eles protestavam contra a reintegra\u00e7\u00e3o de posse do Assentamento Milton Santos, em Americana (SP). A maioria das estradas teve trechos interrompidos nos dois sentidos, provocando congestionamentos nas vias, de acordo com as pol\u00edcias rodovi\u00e1rias federal e estadual. Desde as 11h, o tr\u00e2nsito j\u00e1 est\u00e1 normalizado em todos os locais.<\/p>\n<p>Uma das rodovias bloqueadas foi a BR-153, na altura do Km 153, na cidade de Lup\u00e9rcio, regi\u00e3o de Promiss\u00e3o. Segundo a Pol\u00edcia Rodovi\u00e1ria Federal, o trecho ficou interrompido por cerca de 50 minutos e provocou 2 quil\u00f4metros de congestionamento.<\/p>\n<p>Na regi\u00e3o de Campinas, o Km 136 da Rodovia Anhanguera foi bloqueado nos dois sentidos por volta das 9h e liberado 40 minutos depois, de acordo com a concession\u00e1ria que administra a via, a CCR AutoBan.<\/p>\n<p>Segundo informa\u00e7\u00f5es do policiamento rodovi\u00e1rio estadual e do MST, o tr\u00e2nsito foi interrompido ainda em trechos das seguintes rodovias: Francisco Alves Negr\u00e3o, Comandante Jo\u00e3o Ribeiro de Barros, Raposo Tavares, SP-563, Floriano Rodrigues, Abra\u00e3o Assed e dois trechos da Marechal Rondon.<\/p>\n<p>O ato dos trabalhadores faz parte de uma jornada de atividades, iniciada na semana passada, contra a reintegra\u00e7\u00e3o de posse do assentamento em Americana. No \u00faltimo dia 11, os manifestantes ocuparam a sede do Instituto Nacional de Coloniza\u00e7\u00e3o e Reforma Agr\u00e1ria (Incra) na capital paulista. No dia anterior (10), o movimento fez outro ato em frente ao pr\u00e9dio do escrit\u00f3rio da Presid\u00eancia da Rep\u00fablica, na Avenida Paulista, para cobrar da presidenta Dilma Rousseff a assinatura do decreto de desapropria\u00e7\u00e3o social da \u00e1rea.<\/p>\n<p>Na \u00e1rea do Assentamento Milton Santos vivem cerca de 70 fam\u00edlias assentadas pelo Incra h\u00e1 sete anos, segundo o movimento. As fam\u00edlias reivindicam a desapropria\u00e7\u00e3o por interesse social, \u00fanica medida legal que pode reverter o despejo, determinado pela Justi\u00e7a no dia 28 de novembro.<\/p>\n<p>Camila Maciel<br \/>\nRep\u00f3rter da Ag\u00eancia Brasil<br \/>\nEdi\u00e7\u00e3o: L\u00edlian Beraldo<\/p>\n","protected":false},"excerpt":{"rendered":"<p>S\u00e3o Paulo &#8211; Integrantes do Movimento dos Trabalhadores Rurais Sem Terra (MST) fizeram na manh\u00e3 de hoje (20) manifesta\u00e7\u00f5es em dez rodovias de diferentes regi\u00f5es do estado paulista. Eles protestavam contra a reintegra\u00e7\u00e3o de posse do Assentamento Milton Santos, em Americana (SP). A maioria das estradas teve trechos interrompidos nos dois sentidos, provocando congestionamentos nas [&hellip;]<\/p>\n","protected":false},"author":3,"featured_media":35207,"comment_status":"open","ping_status":"closed","sticky":false,"template":"","format":"standard","meta":{"_genesis_hide_title":false,"_genesis_hide_breadcrumbs":false,"_genesis_hide_singular_image":false,"_genesis_hide_footer_widgets":false,"_genesis_custom_body_class":"","_genesis_custom_post_class":"","_genesis_layout":"","_jetpack_memberships_contains_paid_content":false,"footnotes":""},"categories":[22],"tags":[],"class_list":{"0":"post-41768","1":"post","2":"type-post","3":"status-publish","4":"format-standard","5":"has-post-thumbnail","7":"category-brasil","8":"entry","9":"gs-1","10":"gs-odd","11":"gs-even","12":"gs-featured-content-entry"},"jetpack_featured_media_url":"https:\/\/www.redenoticia.com.br\/noticia\/imagens\/transito-estradas.jpg","jetpack_sharing_enabled":true,"jetpack_likes_enabled":true,"_links":{"self":[{"href":"https:\/\/www.redenoticia.com.br\/noticia\/wp-json\/wp\/v2\/posts\/41768","targetHints":{"allow":["GET"]}}],"collection":[{"href":"https:\/\/www.redenoticia.com.br\/noticia\/wp-json\/wp\/v2\/posts"}],"about":[{"href":"https:\/\/www.redenoticia.com.br\/noticia\/wp-json\/wp\/v2\/types\/post"}],"author":[{"embeddable":true,"href":"https:\/\/www.redenoticia.com.br\/noticia\/wp-json\/wp\/v2\/users\/3"}],"replies":[{"embeddable":true,"href":"https:\/\/www.redenoticia.com.br\/noticia\/wp-json\/wp\/v2\/comments?post=41768"}],"version-history":[{"count":0,"href":"https:\/\/www.redenoticia.com.br\/noticia\/wp-json\/wp\/v2\/posts\/41768\/revisions"}],"wp:featuredmedia":[{"embeddable":true,"href":"https:\/\/www.redenoticia.com.br\/noticia\/wp-json\/wp\/v2\/media\/35207"}],"wp:attachment":[{"href":"https:\/\/www.redenoticia.com.br\/noticia\/wp-json\/wp\/v2\/media?parent=41768"}],"wp:term":[{"taxonomy":"category","embeddable":true,"href":"https:\/\/www.redenoticia.com.br\/noticia\/wp-json\/wp\/v2\/categories?post=41768"},{"taxonomy":"post_tag","embeddable":true,"href":"https:\/\/www.redenoticia.com.br\/noticia\/wp-json\/wp\/v2\/tags?post=41768"}],"curies":[{"name":"wp","href":"https:\/\/api.w.org\/{rel}","templated":true}]}}