{"id":41752,"date":"2012-12-19T16:01:36","date_gmt":"2012-12-19T18:01:36","guid":{"rendered":"http:\/\/www.redenoticia.com.br\/noticia\/?p=41752"},"modified":"2012-12-19T16:01:36","modified_gmt":"2012-12-19T18:01:36","slug":"telemedicina-passa-a-ligar-mais-cinco-hospitais","status":"publish","type":"post","link":"https:\/\/www.redenoticia.com.br\/noticia\/2012\/telemedicina-passa-a-ligar-mais-cinco-hospitais\/41752","title":{"rendered":"Telemedicina passa a ligar mais cinco hospitais"},"content":{"rendered":"<p>Na \u00faltima sexta-feira (14), a <em><strong>Rede Universit\u00e1ria de Telemedicina<\/strong><\/em> (Rute) ganhou mais cinco n\u00facleos no pa\u00eds, sendo tr\u00eas em Pernambuco, um na Bahia e mais um em S\u00e3o Paulo &#8211; a rede passa a contar com 68 n\u00facleos no total. A expans\u00e3o refor\u00e7ar\u00e1 o Programa Telessa\u00fade Brasil Redes, coordenado pelo Minist\u00e9rio da Sa\u00fade, que utiliza a tecnologia para promover a teleassist\u00eancia, teleconsultoria e teleduca\u00e7\u00e3o no Sistema \u00danico de Sa\u00fade (SUS). O Telessa\u00fade ajuda a melhorar o atendimento e a qualificar o diagn\u00f3stico, uma vez que o m\u00e9dico numa unidade de sa\u00fade do interior do estado pode tirar d\u00favidas ou ter uma \u201csegunda opini\u00e3o\u201d de especialistas.<\/p>\n<p>Ao congregar hospitais universit\u00e1rios e de ensino de todo o pa\u00eds, a Rute permite que profissionais e estudantes realizem interc\u00e2mbio de conhecimento por meio de tecnologias avan\u00e7adas de informa\u00e7\u00e3o e comunica\u00e7\u00e3o. Os n\u00facleos da rede s\u00e3o dotados de salas de videoconfer\u00eancia onde \u00e9 poss\u00edvel realizar n\u00e3o apenas atividades de pesquisa e educa\u00e7\u00e3o continuada em sa\u00fade, mas tamb\u00e9m avalia\u00e7\u00f5es remotas de casos cl\u00ednicos.<\/p>\n<p>Os novos n\u00facleos foram instalados no Pronto Socorro Cardiol\u00f3gico Universit\u00e1rio de Pernambuco Prof. Luiz Tavares, no Hospital Universit\u00e1rio Oswaldo Cruz e no Instituto de Medicina Integral Prof. Fernando Figueira, em Recife (PE); no Hospital Geral Roberto Santos, em Salvador (BA) e no Hospital das Cl\u00ednicas da Universidade Estadual Paulista J\u00falio de Mesquita Filho, em Botucatu (SP).<br \/>\nTelessa\u00fade &#8211; O programa Telessa\u00fade Brasil Redes interliga, por meio da tecnologia da informa\u00e7\u00e3o, unidades de sa\u00fade da Aten\u00e7\u00e3o B\u00e1sica com n\u00facleos de especialistas e t\u00e9cnicos que trocam informa\u00e7\u00f5es para melhorar o atendimento no SUS e qualificar o diagn\u00f3stico e o tratamento no n\u00edvel da aten\u00e7\u00e3o prim\u00e1ria. O programa est\u00e1 em funcionamento em 12 estados e j\u00e1 realizou, desde 2005, cerca de 50 mil teleconsultorias, 665.572 telediagn\u00f3sticos (an\u00e1lise de exames de apoio \u00e0 dist\u00e2ncia), e 643 \u201csegundas opini\u00f5es formativas\u201d. Neste ano, o programa recebeu um aporte de R$ 70 milh\u00f5es, e estar\u00e1 presente, at\u00e9 o final de 2013, em 3.256 munic\u00edpios de todas as unidades federativas.<\/p>\n<p>Sistema realiza sess\u00f5es cient\u00edficas di\u00e1rias<br \/>\nA Rute realiza, em m\u00e9dia, duas a tr\u00eas sess\u00f5es cient\u00edficas di\u00e1rias com a participa\u00e7\u00e3o de 300 institui\u00e7\u00f5es da Am\u00e9rica Latina. Coordenada pelo Minist\u00e9rio da Ci\u00eancia, Tecnologia e Inova\u00e7\u00e3o (MCTI), com o apoio dos minist\u00e9rios da Sa\u00fade, da Educa\u00e7\u00e3o e da Cultura, a rede \u00e9 considerada a maior do mundo na integra\u00e7\u00e3o de Hospitais Universit\u00e1rios e de Ensino, com cerca de 600 sess\u00f5es por ano de v\u00eddeo e web confer\u00eancias.<\/p>\n","protected":false},"excerpt":{"rendered":"<p>Na \u00faltima sexta-feira (14), a Rede Universit\u00e1ria de Telemedicina (Rute) ganhou mais cinco n\u00facleos no pa\u00eds, sendo tr\u00eas em Pernambuco, um na Bahia e mais um em S\u00e3o Paulo &#8211; a rede passa a contar com 68 n\u00facleos no total. A expans\u00e3o refor\u00e7ar\u00e1 o Programa Telessa\u00fade Brasil Redes, coordenado pelo Minist\u00e9rio da Sa\u00fade, que utiliza [&hellip;]<\/p>\n","protected":false},"author":3,"featured_media":37419,"comment_status":"open","ping_status":"closed","sticky":false,"template":"","format":"standard","meta":{"_genesis_hide_title":false,"_genesis_hide_breadcrumbs":false,"_genesis_hide_singular_image":false,"_genesis_hide_footer_widgets":false,"_genesis_custom_body_class":"","_genesis_custom_post_class":"","_genesis_layout":"","_jetpack_memberships_contains_paid_content":false,"footnotes":""},"categories":[22,5],"tags":[],"class_list":{"0":"post-41752","1":"post","2":"type-post","3":"status-publish","4":"format-standard","5":"has-post-thumbnail","7":"category-brasil","8":"category-saude-e-vida","9":"entry","10":"gs-1","11":"gs-odd","12":"gs-even","13":"gs-featured-content-entry"},"jetpack_featured_media_url":"https:\/\/www.redenoticia.com.br\/noticia\/imagens\/computador-tecnologia.jpg","jetpack_sharing_enabled":true,"jetpack_likes_enabled":true,"_links":{"self":[{"href":"https:\/\/www.redenoticia.com.br\/noticia\/wp-json\/wp\/v2\/posts\/41752","targetHints":{"allow":["GET"]}}],"collection":[{"href":"https:\/\/www.redenoticia.com.br\/noticia\/wp-json\/wp\/v2\/posts"}],"about":[{"href":"https:\/\/www.redenoticia.com.br\/noticia\/wp-json\/wp\/v2\/types\/post"}],"author":[{"embeddable":true,"href":"https:\/\/www.redenoticia.com.br\/noticia\/wp-json\/wp\/v2\/users\/3"}],"replies":[{"embeddable":true,"href":"https:\/\/www.redenoticia.com.br\/noticia\/wp-json\/wp\/v2\/comments?post=41752"}],"version-history":[{"count":0,"href":"https:\/\/www.redenoticia.com.br\/noticia\/wp-json\/wp\/v2\/posts\/41752\/revisions"}],"wp:featuredmedia":[{"embeddable":true,"href":"https:\/\/www.redenoticia.com.br\/noticia\/wp-json\/wp\/v2\/media\/37419"}],"wp:attachment":[{"href":"https:\/\/www.redenoticia.com.br\/noticia\/wp-json\/wp\/v2\/media?parent=41752"}],"wp:term":[{"taxonomy":"category","embeddable":true,"href":"https:\/\/www.redenoticia.com.br\/noticia\/wp-json\/wp\/v2\/categories?post=41752"},{"taxonomy":"post_tag","embeddable":true,"href":"https:\/\/www.redenoticia.com.br\/noticia\/wp-json\/wp\/v2\/tags?post=41752"}],"curies":[{"name":"wp","href":"https:\/\/api.w.org\/{rel}","templated":true}]}}