{"id":41732,"date":"2012-12-17T14:09:00","date_gmt":"2012-12-17T16:09:00","guid":{"rendered":"http:\/\/www.redenoticia.com.br\/noticia\/?p=41732"},"modified":"2012-12-17T14:09:00","modified_gmt":"2012-12-17T16:09:00","slug":"tratamento-de-doencas-ganha-impulso-com-a-nanotecnologia","status":"publish","type":"post","link":"https:\/\/www.redenoticia.com.br\/noticia\/2012\/tratamento-de-doencas-ganha-impulso-com-a-nanotecnologia\/41732","title":{"rendered":"Tratamento de doen\u00e7as ganha impulso com a nanotecnologia"},"content":{"rendered":"<p>Ag\u00eancia FAPESP\u00a0\u2013 A <em><strong>nanotecnologia<\/strong><\/em>, utilizada na medicina para diferentes tratamentos de sa\u00fade, tem se tornado indicada para o combate a doen\u00e7as que v\u00e3o do c\u00e2ncer de pele ao mal de Parkinson e de Alzheimer, gra\u00e7as ao desenvolvimento de novas t\u00e9cnicas para sua aplica\u00e7\u00e3o.<\/p>\n<p>Uma s\u00e9rie de pesquisas realizadas pelo Grupo de Fotobiologia e Fotomedicina do Centro de Nanotecnologia e Engenharia Tecidual da Faculdade de Filosofia, Ci\u00eancias e Letras da Universidade de S\u00e3o Paulo (USP), em Ribeir\u00e3o Preto, tem resultado em diferentes possibilidades de tratamento, vi\u00e1veis t\u00e9cnica e economicamente.<\/p>\n<p>V\u00e1rias dessas inova\u00e7\u00f5es, que utilizam nanomedicamentos em conjunto com a aplica\u00e7\u00e3o de luz sobre os tumores, foram apresentadas por Antonio Claudio Tedesco, coordenador das pesquisas, durante o evento\u00a0<a href=\"http:\/\/www.fapesp.br\/fronteras\" target=\"_blank\">\u201cFronteras de la Ciencia \u2013 Brasil y Espa\u00f1a en los 50 a\u00f1os de la FAPESP<\/a>.<\/p>\n<p>O simp\u00f3sio integra as comemora\u00e7\u00f5es dos 50 anos da FAPESP e reuniu, de 10 a 14 de dezembro, nas cidades de Salamanca e Madri, pesquisadores do Estado de S\u00e3o Paulo e de diferentes institui\u00e7\u00f5es de ensino e pesquisa do pa\u00eds ib\u00e9rico.<\/p>\n<p>Nas pesquisas apresentadas por Tedesco, destacam-se as que utilizam part\u00edculas met\u00e1licas nanoestruturadas para a melhoria de diagn\u00f3sticos feitos por imagens, al\u00e9m da constru\u00e7\u00e3o de pr\u00f3teses de alta efici\u00eancia, parte delas envolvendo c\u00e9lulas-tronco voltadas para a aplica\u00e7\u00e3o na engenharia tecidual, para regenera\u00e7\u00e3o de vasos sangu\u00edneos, por exemplo.<\/p>\n<p>\u201cA nanotecnologia, com o desenvolvimento de novos sistemas de veicula\u00e7\u00e3o de f\u00e1rmacos, tem permitido que mol\u00e9culas antes usadas para o tratamento de determinados tipos de patologias possam ser redesenhadas e utilizadas com novas fun\u00e7\u00f5es\u201d, disse \u00e0\u00a0Ag\u00eancia FAPESP\u00a0o pesquisador que coordena um\u00a0<a href=\"http:\/\/bv.fapesp.br\/pt\/projetos-tematicos\/2119\/utilizacao-nanocarreadores-contendo-farmacos-fotossensiveis\" target=\"_blank\">Projeto Tem\u00e1tico<\/a>\u00a0sobre o tema apoiado pela FAPESP.<\/p>\n<p>De acordo com Tedesco, a combina\u00e7\u00e3o de fotoprocessos utilizando nanotecnologia \u00e0 administra\u00e7\u00e3o de f\u00e1rmacos, de maneira intravenosa ou t\u00f3pica, \u00e9 realidade para tratamentos de c\u00e2nceres de pele, que em 80% dos casos n\u00e3o s\u00e3o melan\u00f4micos, ou seja, podem ser tratados por essa terapia. O mesmo tipo de tratamento, no entanto, n\u00e3o se aplica ao melanoma que, por ser uma les\u00e3o pigmentada (de cor escura), absorve todos os comprimentos de onda luminosa vis\u00edvel.<\/p>\n<p>\u201cNormalmente, com uma \u00fanica aplica\u00e7\u00e3o, em 98% dos casos a doen\u00e7a desaparece, sem cirurgia e dispensando tratamentos como radioterapia ou cirurgia. O custo desse tratamento \u00e9 muito baixo, equivalente a R$ 70 a cada tr\u00eas aplica\u00e7\u00f5es, o que o torna uma op\u00e7\u00e3o vi\u00e1vel para ser aplicado nesse tipo de neoplasia\u201d, disse Tedesco.<\/p>\n<p>O material desenvolvido pelo laborat\u00f3rio na USP de Ribeir\u00e3o Preto est\u00e1 patenteado desde 2002 e abrange, al\u00e9m da mol\u00e9cula, tamb\u00e9m seu processo de aplica\u00e7\u00e3o.<\/p>\n<p>\u201cDesenvolvemos um f\u00e1rmaco cl\u00e1ssico nanoestruturado, o \u00e1cido aminolivul\u00ednico e seus derivados, ambos aprovados pelo FDA [Food and Drug Administration], \u00f3rg\u00e3o respons\u00e1vel por sua aprova\u00e7\u00e3o nos Estados Unidos. Esse mesmo tipo tamb\u00e9m \u00e9 aprovado e utilizado na Europa e Jap\u00e3o\u201d, disse.<\/p>\n<p>Atualmente, j\u00e1 existem f\u00e1rmacos de segunda e terceira gera\u00e7\u00e3o para esse tipo de aplica\u00e7\u00e3o aguardando o uso em fase cl\u00ednica.<\/p>\n<p>Hist\u00f3rico abrangente<\/p>\n<p>Na \u00e1rea de oncologia, as pesquisas do Centro de Nanotecnologia e Engenharia Tecidual da USP surgiram especificamente com a utiliza\u00e7\u00e3o de fotoprocessos, aliados \u00e0 nanotecnologia como forma de veicular essas mol\u00e9culas e provocar sua intera\u00e7\u00e3o com as c\u00e9lulas neopl\u00e1sicas de forma s\u00edtio-espec\u00edfica, ou seja, com a\u00e7\u00e3o direta sobre o tumor.<\/p>\n<p>\u201cNo caso de neoplasias, usamos pigmentos [mol\u00e9culas naturais ou sint\u00e9ticas] ativados pela luz vis\u00edvel, que se distribuem por todas as c\u00e9lulas, garantindo que as c\u00e9lulas cancerosas possam ter um ac\u00famulo maior dessa mol\u00e9cula, que \u00e9 o objeto desse tipo de fotoativa\u00e7\u00e3o. Com a nanotecnologia, a tecnologia farmac\u00eautica passou a contar com v\u00e1rios sistemas que permitem aumentar a especificidade da part\u00edcula que carrega o f\u00e1rmaco para a c\u00e9lula neopl\u00e1sica\u201d, disse Tedesco.<\/p>\n<p>De acordo com o pesquisador, um percentual de c\u00e9lulas sadias acaba marcado durante o processo, que s\u00f3 funciona terapeuticamente quando h\u00e1 conjun\u00e7\u00e3o com a fotoativa\u00e7\u00e3o luminosa.<\/p>\n<p>\u201cA luz \u00e9 aplicada ap\u00f3s o tempo de biodistribui\u00e7\u00e3o do f\u00e1rmaco na les\u00e3o, que varia para cada tipo de tumor e mol\u00e9cula usada e desencadeia a a\u00e7\u00e3o da mol\u00e9cula, produzindo uma grande quantidade de radicais livres num curto espa\u00e7o de tempo\u201d, disse.<\/p>\n<p>Esse choque de radicais livres \u00e9 o que leva, segundo apontam as pesquisas, a uma resposta biol\u00f3gica, que ocorre na chamada fase escura, ap\u00f3s a ilumina\u00e7\u00e3o, que acontece em um tempo muito curto.<\/p>\n<p>Com as novas gera\u00e7\u00f5es de mol\u00e9culas, que se instalam mais rapidamente na les\u00e3o, o tempo necess\u00e1rio para a a\u00e7\u00e3o do tratamento tamb\u00e9m est\u00e1 diminuindo. De fato, trata-se de uma s\u00e9rie de eventos bioqu\u00edmicos, fotoqu\u00edmicos e fotobiol\u00f3gicos que leva, em \u00faltima inst\u00e2ncia, \u00e0 destrui\u00e7\u00e3o da massa tumoral.<\/p>\n<p>O processo envolve a aplica\u00e7\u00e3o da medica\u00e7\u00e3o seguida da aplica\u00e7\u00e3o de luz exatamente sobre o tumor, para a fotoativa\u00e7\u00e3o do medicamento. Segundo Tedesco, a t\u00e9cnica \u00e9 segura, porque mesmo se um tecido saud\u00e1vel absorver parte da mol\u00e9cula veiculada n\u00e3o haver\u00e1 qualquer altera\u00e7\u00e3o, pois a mol\u00e9cula, sem a posterior aplica\u00e7\u00e3o de luz, acaba biodegradada.<\/p>\n<p>Em oncologia, a nanotecnologia abriu uma nova frente de veicula\u00e7\u00e3o de f\u00e1rmacos, embora, para Tedesco, o uso sist\u00eamico da nanotecnologia aliada a fotoprocessos ainda esteja em fase inicial em novas \u00e1reas.<\/p>\n<p>\u201cEstamos iniciando os estudos para aplica\u00e7\u00f5es desse procedimento em \u00f3rg\u00e3os como bexiga, pr\u00f3stata e \u00fatero, ou seja, em \u00f3rg\u00e3os que permitem a ilumina\u00e7\u00e3o por cavidade\u201d, disse.<\/p>\n<p>Possibilidades de tratamento<\/p>\n<p>Em sua exposi\u00e7\u00e3o em Salamanca, outros focos de pesquisa tamb\u00e9m foram apresentados por Tedesco, como o estudo das doen\u00e7as do sistema nervoso central, no qual o grupo da USP em Ribeir\u00e3o Preto est\u00e1 atualmente focado.<\/p>\n<p>\u201cDesenvolvemos um sistema proteico polim\u00e9rico para veicula\u00e7\u00e3o que permeia a barreira hematoencef\u00e1lica, o que abre novas possibilidades, pois essa barreira \u00e9 extremamente seletiva. Com esse sistema, h\u00e1 um reconhecimento da prote\u00edna e a barreira se abre, permitindo que o f\u00e1rmaco incorporado penetre no c\u00e9rebro\u201d, disse.<\/p>\n<p>O conhecimento sobre nanotecnologia e fotoativa\u00e7\u00e3o em oncologia est\u00e1 agora sendo direcionado pelo grupo de pesquisas ao estudo de outras doen\u00e7as, como Alzheimer e Parkinson.<\/p>\n<p>\u201cNeste momento, buscamos desenvolver novos desenhos nanom\u00e9tricos para f\u00e1rmacos cl\u00e1ssicos para o tratamento do mal de Parkinson, em conjunto com a Santa Casa de S\u00e3o Paulo e a Universidade de Bras\u00edlia, e para o tratamento da epilepsia, em conjunto com a Universidade Federal de S\u00e3o Paulo\u201d, contou Tedesco.<\/p>\n<p>A t\u00e9cnica tamb\u00e9m est\u00e1 sendo usada para a regenera\u00e7\u00e3o de vasos sangu\u00edneos, pois \u00e1reas que desenvolvem tumores fazem com que os vasos ao seu redor tornem-se mais porosos.<\/p>\n<p>\u201cEm casos de angiog\u00eanese, quando o vaso cresce em dire\u00e7\u00e3o ao tumor, precisamos desenvolver sistemas nanoestruturados antiangiog\u00eanicos para o restauro do vaso. Essas altera\u00e7\u00f5es, que debilitam os vasos pelo crescimento do tumor, fazem com que o medicamento usado nos tratamentos por quimioterapia ou fototerapia seja extravasado e n\u00e3o chegue \u00e0 massa tumoral, da\u00ed a necessidade de regenera\u00e7\u00e3o dos mesmos\u201d, disse Tedesco.<\/p>\n<p>Al\u00e9m de impedir o crescimento de vasos em dire\u00e7\u00e3o ao tumor, a t\u00e9cnica permite restaurar os vasos porosos, fazendo com que o medicamento quimioter\u00e1pico chegue ao tumor com exatid\u00e3o, al\u00e9m de possibilitar sua remo\u00e7\u00e3o cir\u00fargica de forma mais segura.<\/p>\n<p>\u201cA nanotecnologia funciona na veicula\u00e7\u00e3o dos fatores antiangiog\u00eanicos (pept\u00eddeos e prote\u00ednas), que s\u00e3o a mesma classe de mol\u00e9culas que aportamos no desenvolvimento de sistemas de veicula\u00e7\u00e3o de f\u00e1rmacos usados no tratamento de doen\u00e7as do sistema nervoso central, ou seja, tudo est\u00e1 relativamente interrelacionado\u201d, explicou.<\/p>\n<p>A novidade est\u00e1 na parte da engenharia tecidual. \u201cA partir do momento em que conseguimos entender como a luz vis\u00edvel, em combina\u00e7\u00e3o com o f\u00e1rmaco veiculado de forma nanoestruturada, modula a resposta tecidual, podemos fazer com que aquele tecido apresente um processo de cicatriza\u00e7\u00e3o mais r\u00e1pido, ou que uma pele implantada em um paciente que sofreu queimadura passe a ter uma integra\u00e7\u00e3o mais r\u00e1pida com o tecido que a recebe, que \u00e9 essa nova linha de fotobiomodula\u00e7\u00e3o\u201d, disse Tedesco.<\/p>\n<p>Desse modo, o mesmo f\u00e1rmaco, em doses menores e com diferentes tempos de aplica\u00e7\u00e3o da luz, levaria \u00e0 regenera\u00e7\u00e3o do tecido, ou seja, pode-se acelerar o fechamento cicatricial utilizando o mesmo tratamento utilizado para o c\u00e2ncer.<\/p>\n<p>\u201cEstamos entendendo como funciona a fotobiomodula\u00e7\u00e3o, porque \u00e9 um modelo extremamente complexo\u201d, disse Tedesco.<\/p>\n<p>Apesar das novas aplica\u00e7\u00f5es, a base da pesquisa continua a mesma: a nanotecnologia aliada ao uso da luz vis\u00edvel e do f\u00e1rmaco fotossens\u00edvel, em busca de respostas moduladas. Nessa linha de trabalho, a mais recente incurs\u00e3o do grupo de Tedesco \u00e9 a pesquisa que envolve c\u00e9lulas-tronco, na qual se busca modular processos de diferencia\u00e7\u00e3o celular.<\/p>\n<p>\u201cA nanotecnologia e o fotoprocesso est\u00e3o se tornando ferramentas para ampliar as possibilidades de tratamento. A ideia agora \u00e9 discutir coopera\u00e7\u00f5es internacionais para avan\u00e7armos nessas pesquisas e suas aplica\u00e7\u00f5es\u201d, disse Tedesco.<\/p>\n<p>Por Samuel Antenor<\/p>\n","protected":false},"excerpt":{"rendered":"<p>Ag\u00eancia FAPESP\u00a0\u2013 A nanotecnologia, utilizada na medicina para diferentes tratamentos de sa\u00fade, tem se tornado indicada para o combate a doen\u00e7as que v\u00e3o do c\u00e2ncer de pele ao mal de Parkinson e de Alzheimer, gra\u00e7as ao desenvolvimento de novas t\u00e9cnicas para sua aplica\u00e7\u00e3o. Uma s\u00e9rie de pesquisas realizadas pelo Grupo de Fotobiologia e Fotomedicina do [&hellip;]<\/p>\n","protected":false},"author":3,"featured_media":37376,"comment_status":"open","ping_status":"closed","sticky":false,"template":"","format":"standard","meta":{"_genesis_hide_title":false,"_genesis_hide_breadcrumbs":false,"_genesis_hide_singular_image":false,"_genesis_hide_footer_widgets":false,"_genesis_custom_body_class":"","_genesis_custom_post_class":"","_genesis_layout":"","_jetpack_memberships_contains_paid_content":false,"footnotes":""},"categories":[22,5],"tags":[],"class_list":{"0":"post-41732","1":"post","2":"type-post","3":"status-publish","4":"format-standard","5":"has-post-thumbnail","7":"category-brasil","8":"category-saude-e-vida","9":"entry","10":"gs-1","11":"gs-odd","12":"gs-even","13":"gs-featured-content-entry"},"jetpack_featured_media_url":"https:\/\/www.redenoticia.com.br\/noticia\/imagens\/saude-doutor.jpg","jetpack_sharing_enabled":true,"jetpack_likes_enabled":true,"_links":{"self":[{"href":"https:\/\/www.redenoticia.com.br\/noticia\/wp-json\/wp\/v2\/posts\/41732","targetHints":{"allow":["GET"]}}],"collection":[{"href":"https:\/\/www.redenoticia.com.br\/noticia\/wp-json\/wp\/v2\/posts"}],"about":[{"href":"https:\/\/www.redenoticia.com.br\/noticia\/wp-json\/wp\/v2\/types\/post"}],"author":[{"embeddable":true,"href":"https:\/\/www.redenoticia.com.br\/noticia\/wp-json\/wp\/v2\/users\/3"}],"replies":[{"embeddable":true,"href":"https:\/\/www.redenoticia.com.br\/noticia\/wp-json\/wp\/v2\/comments?post=41732"}],"version-history":[{"count":0,"href":"https:\/\/www.redenoticia.com.br\/noticia\/wp-json\/wp\/v2\/posts\/41732\/revisions"}],"wp:featuredmedia":[{"embeddable":true,"href":"https:\/\/www.redenoticia.com.br\/noticia\/wp-json\/wp\/v2\/media\/37376"}],"wp:attachment":[{"href":"https:\/\/www.redenoticia.com.br\/noticia\/wp-json\/wp\/v2\/media?parent=41732"}],"wp:term":[{"taxonomy":"category","embeddable":true,"href":"https:\/\/www.redenoticia.com.br\/noticia\/wp-json\/wp\/v2\/categories?post=41732"},{"taxonomy":"post_tag","embeddable":true,"href":"https:\/\/www.redenoticia.com.br\/noticia\/wp-json\/wp\/v2\/tags?post=41732"}],"curies":[{"name":"wp","href":"https:\/\/api.w.org\/{rel}","templated":true}]}}