{"id":41709,"date":"2012-12-14T16:15:32","date_gmt":"2012-12-14T18:15:32","guid":{"rendered":"http:\/\/www.redenoticia.com.br\/noticia\/?p=41709"},"modified":"2012-12-14T16:15:32","modified_gmt":"2012-12-14T18:15:32","slug":"chuvas-serao-mais-contantes-em-sp","status":"publish","type":"post","link":"https:\/\/www.redenoticia.com.br\/noticia\/2012\/chuvas-serao-mais-contantes-em-sp\/41709","title":{"rendered":"Chuvas ser\u00e3o mais contantes em SP"},"content":{"rendered":"<p>Ap\u00f3s uma Primavera com pouca <em><strong>chuva<\/strong><\/em> e muito calor em <em><strong>S\u00e3o Paulo<\/strong><\/em>, no Ver\u00e3o, que come\u00e7a no pr\u00f3ximo dia 21, as chuvas ser\u00e3o mais frequentes e os dias menos quentes. Para se ter uma ideia, em novembro o volume de chuva ficou 30% abaixo do normal na Capital paulista e nessa primeira quinzena de dezembro choveu apenas 20% da m\u00e9dia e a temperatura est\u00e1 5\u00b0C mais alta para a \u00e9poca do ano.<\/p>\n<p>Segundo previs\u00e3o da Somar Meteorologia, a presen\u00e7a de uma frente fria na altura do Sudeste e muitas \u00e1reas de instabilidade espalhadas pelo Brasil organizam a umidade da Amaz\u00f4nia e muda o padr\u00e3o do tempo a partir de agora. Ontem j\u00e1 foram registradas chuvas significativas e muitos transtornos na Grande S\u00e3o Paulo. Em Barueri, o acumulado chegou a 60mm, o que representa 43% da m\u00e9dia de dezembro. Na Capital, pelo menos 31 alagamentos foram registrados, sendo 9 intransit\u00e1veis.<\/p>\n<p>&#8220;E assim ser\u00e1 essa segunda quinzena de dezembro e tamb\u00e9m o ver\u00e3o, com grandes volumes de chuva, compensando a falta do in\u00edcio do m\u00eas e da Primavera&#8221;, afirma o meteorologista Celso Oliveira. Lembrando que os meses de janeiro e fevereiro s\u00e3o climatologicamente os mais chuvosos na Capital paulista, com uma m\u00e9dia de 238mm e 217mm, respectivamente.<\/p>\n<p>Previs\u00e3o de chuvas<br \/>\nPara esta sexta-feira, a previs\u00e3o \u00e9 de tempo fechado e chuva a qualquer hora, o que deixa a temperatura mais baixa em rela\u00e7\u00e3o aos dias anteriores, mas ainda abafado. Segundo os meteorologistas da Somar, a partir da tarde h\u00e1 potencial para chuva e alagamentos intransit\u00e1veis em toda a Grande S\u00e3o Paulo e tamb\u00e9m no litoral norte, Vale do Para\u00edba e Serra da Mantiqueira.<\/p>\n<p>Para amanh\u00e3, a previs\u00e3o \u00e9 de mais um dia com elevado acumulado de chuva em praticamente todo o Estado de S\u00e3o Paulo, sendo mais intensa na Grande S\u00e3o Paulo, Vale do Para\u00edba, Sorocaba, Itapetininga, Avar\u00e9, Itapeva, Ourinhos, Bauru e Lins. Novamente a popula\u00e7\u00e3o deve enfrentar problemas como alagamentos.<\/p>\n<p>No domingo as chuvas continuam em todo o Estado, com destaque para as regi\u00f5es de Presidente Prudente, Ara\u00e7atuba e S\u00e3o Jos\u00e9 do Rio Preto. Na madrugada de segunda-feira, a chuva volta com intensidade e potencial para alagamentos intransit\u00e1veis na Grande S\u00e3o Paulo.<\/p>\n<p>Temperaturas<br \/>\nDos 13 dias desse m\u00eas de dezembro, apenas 2 n\u00e3o registraram valores acima dos 30\u00b0C na Capital. E para quem n\u00e3o aguenta mais o calor\u00e3o, uma boa not\u00edcia: apesar do tempo continuar abafado, as temperaturas entram em decl\u00ednio e os term\u00f4metros n\u00e3o passam dos 28\u00b0C.<\/p>\n","protected":false},"excerpt":{"rendered":"<p>Ap\u00f3s uma Primavera com pouca chuva e muito calor em S\u00e3o Paulo, no Ver\u00e3o, que come\u00e7a no pr\u00f3ximo dia 21, as chuvas ser\u00e3o mais frequentes e os dias menos quentes. Para se ter uma ideia, em novembro o volume de chuva ficou 30% abaixo do normal na Capital paulista e nessa primeira quinzena de dezembro [&hellip;]<\/p>\n","protected":false},"author":3,"featured_media":28409,"comment_status":"open","ping_status":"closed","sticky":false,"template":"","format":"standard","meta":{"_genesis_hide_title":false,"_genesis_hide_breadcrumbs":false,"_genesis_hide_singular_image":false,"_genesis_hide_footer_widgets":false,"_genesis_custom_body_class":"","_genesis_custom_post_class":"","_genesis_layout":"","_jetpack_memberships_contains_paid_content":false,"footnotes":""},"categories":[22,327],"tags":[],"class_list":{"0":"post-41709","1":"post","2":"type-post","3":"status-publish","4":"format-standard","5":"has-post-thumbnail","7":"category-brasil","8":"category-clima","9":"entry","10":"gs-1","11":"gs-odd","12":"gs-even","13":"gs-featured-content-entry"},"jetpack_featured_media_url":"https:\/\/www.redenoticia.com.br\/noticia\/imagens\/previsao-do-tempo-e-temperatura.jpg","jetpack_sharing_enabled":true,"jetpack_likes_enabled":true,"_links":{"self":[{"href":"https:\/\/www.redenoticia.com.br\/noticia\/wp-json\/wp\/v2\/posts\/41709","targetHints":{"allow":["GET"]}}],"collection":[{"href":"https:\/\/www.redenoticia.com.br\/noticia\/wp-json\/wp\/v2\/posts"}],"about":[{"href":"https:\/\/www.redenoticia.com.br\/noticia\/wp-json\/wp\/v2\/types\/post"}],"author":[{"embeddable":true,"href":"https:\/\/www.redenoticia.com.br\/noticia\/wp-json\/wp\/v2\/users\/3"}],"replies":[{"embeddable":true,"href":"https:\/\/www.redenoticia.com.br\/noticia\/wp-json\/wp\/v2\/comments?post=41709"}],"version-history":[{"count":0,"href":"https:\/\/www.redenoticia.com.br\/noticia\/wp-json\/wp\/v2\/posts\/41709\/revisions"}],"wp:featuredmedia":[{"embeddable":true,"href":"https:\/\/www.redenoticia.com.br\/noticia\/wp-json\/wp\/v2\/media\/28409"}],"wp:attachment":[{"href":"https:\/\/www.redenoticia.com.br\/noticia\/wp-json\/wp\/v2\/media?parent=41709"}],"wp:term":[{"taxonomy":"category","embeddable":true,"href":"https:\/\/www.redenoticia.com.br\/noticia\/wp-json\/wp\/v2\/categories?post=41709"},{"taxonomy":"post_tag","embeddable":true,"href":"https:\/\/www.redenoticia.com.br\/noticia\/wp-json\/wp\/v2\/tags?post=41709"}],"curies":[{"name":"wp","href":"https:\/\/api.w.org\/{rel}","templated":true}]}}