{"id":41697,"date":"2012-12-13T14:56:14","date_gmt":"2012-12-13T16:56:14","guid":{"rendered":"http:\/\/www.redenoticia.com.br\/noticia\/?p=41697"},"modified":"2012-12-13T14:56:14","modified_gmt":"2012-12-13T16:56:14","slug":"unesp-abre-centro-de-estudos-e-pesquisas-sobre-corrupcao","status":"publish","type":"post","link":"https:\/\/www.redenoticia.com.br\/noticia\/2012\/unesp-abre-centro-de-estudos-e-pesquisas-sobre-corrupcao\/41697","title":{"rendered":"Unesp abre Centro de Estudos e Pesquisas sobre Corrup\u00e7\u00e3o"},"content":{"rendered":"<p>Ag\u00eancia FAPESP\u00a0\u2013 A cria\u00e7\u00e3o do <em><strong>Centro de Estudos e Pesquisas sobre Corrup\u00e7\u00e3o<\/strong><\/em> (CEPC) foi aprovada pela Congrega\u00e7\u00e3o da Faculdade de Ci\u00eancias Humanas e Sociais (FCHS) da Universidade Estadual Paulista (Unesp).<\/p>\n<p>O CEPC ficar\u00e1 alocado no Centro de Estudo e Extens\u00e3o (CEE) da Unesp, campus de Franca, e contar\u00e1 com pesquisadores efetivos e associados. A coordena\u00e7\u00e3o geral ficar\u00e1 sob responsabilidade da professora Rita de C\u00e1ssia Biason.<\/p>\n<p>De acordo com a Unesp, o novo centro ter\u00e1 por finalidade desenvolver estudos e pesquisas, em \u00e1rea multidisciplinar, que auxiliem a compreens\u00e3o dos m\u00faltiplos aspectos do fen\u00f4meno da corrup\u00e7\u00e3o. Os eixos norteadores do centro ser\u00e3o Transpar\u00eancia e Integridade P\u00fablica.<\/p>\n<p>A proposta do CEPC \u00e9 realizar diagn\u00f3sticos e propor interven\u00e7\u00f5es em \u00e1reas de vulnerabilidade da administra\u00e7\u00e3o p\u00fablica, especificamente com rela\u00e7\u00e3o aos mecanismos de combate a corrup\u00e7\u00e3o no \u00e2mbito dom\u00e9stico e internacional (conven\u00e7\u00f5es anticorrup\u00e7\u00e3o).<\/p>\n<p>Entre os objetivos do centro est\u00e3o a realiza\u00e7\u00e3o de pesquisas de pol\u00edticas anticorrup\u00e7\u00e3o, a promo\u00e7\u00e3o de a\u00e7\u00f5es de forma\u00e7\u00e3o, gest\u00e3o de conhecimento e investiga\u00e7\u00e3o, a realiza\u00e7\u00e3o de eventos culturais e cient\u00edficos pertinentes ao eixo tem\u00e1tico e a articula\u00e7\u00e3o de projetos de extens\u00e3o entre universidade e comunidade n\u00e3o acad\u00eamica.<\/p>\n<p>As linhas de pesquisa s\u00e3o \u201cCorrup\u00e7\u00e3o e Boa Governan\u00e7a\u201d, \u201cTranspar\u00eancia P\u00fablica e Accountability\u201d e \u201cMecanismos Internacionais de Combate \u00e0 Corrup\u00e7\u00e3o\u201d.<\/p>\n<p>O CEPC ser\u00e1 formado por pesquisadores e estudantes que participam de dois grupos da Unesp em Franca: o Grupo de Estudos e Pesquisas sobre Corrup\u00e7\u00e3o (Gepec) e o Grupo de Estudos de Pol\u00edtica Aplicada e Comparada (Gepac).<\/p>\n<p>Mais informa\u00e7\u00f5es:\u00a0<a href=\"http:\/\/www.gruposobrecorrupcao.com.br\/\" target=\"_blank\">www.gruposobrecorrupcao.com.br<\/a><\/p>\n","protected":false},"excerpt":{"rendered":"<p>Ag\u00eancia FAPESP\u00a0\u2013 A cria\u00e7\u00e3o do Centro de Estudos e Pesquisas sobre Corrup\u00e7\u00e3o (CEPC) foi aprovada pela Congrega\u00e7\u00e3o da Faculdade de Ci\u00eancias Humanas e Sociais (FCHS) da Universidade Estadual Paulista (Unesp). O CEPC ficar\u00e1 alocado no Centro de Estudo e Extens\u00e3o (CEE) da Unesp, campus de Franca, e contar\u00e1 com pesquisadores efetivos e associados. A coordena\u00e7\u00e3o [&hellip;]<\/p>\n","protected":false},"author":3,"featured_media":37419,"comment_status":"open","ping_status":"closed","sticky":false,"template":"","format":"standard","meta":{"_genesis_hide_title":false,"_genesis_hide_breadcrumbs":false,"_genesis_hide_singular_image":false,"_genesis_hide_footer_widgets":false,"_genesis_custom_body_class":"","_genesis_custom_post_class":"","_genesis_layout":"","_jetpack_memberships_contains_paid_content":false,"footnotes":""},"categories":[22],"tags":[],"class_list":{"0":"post-41697","1":"post","2":"type-post","3":"status-publish","4":"format-standard","5":"has-post-thumbnail","7":"category-brasil","8":"entry","9":"gs-1","10":"gs-odd","11":"gs-even","12":"gs-featured-content-entry"},"jetpack_featured_media_url":"https:\/\/www.redenoticia.com.br\/noticia\/imagens\/computador-tecnologia.jpg","jetpack_sharing_enabled":true,"jetpack_likes_enabled":true,"_links":{"self":[{"href":"https:\/\/www.redenoticia.com.br\/noticia\/wp-json\/wp\/v2\/posts\/41697","targetHints":{"allow":["GET"]}}],"collection":[{"href":"https:\/\/www.redenoticia.com.br\/noticia\/wp-json\/wp\/v2\/posts"}],"about":[{"href":"https:\/\/www.redenoticia.com.br\/noticia\/wp-json\/wp\/v2\/types\/post"}],"author":[{"embeddable":true,"href":"https:\/\/www.redenoticia.com.br\/noticia\/wp-json\/wp\/v2\/users\/3"}],"replies":[{"embeddable":true,"href":"https:\/\/www.redenoticia.com.br\/noticia\/wp-json\/wp\/v2\/comments?post=41697"}],"version-history":[{"count":0,"href":"https:\/\/www.redenoticia.com.br\/noticia\/wp-json\/wp\/v2\/posts\/41697\/revisions"}],"wp:featuredmedia":[{"embeddable":true,"href":"https:\/\/www.redenoticia.com.br\/noticia\/wp-json\/wp\/v2\/media\/37419"}],"wp:attachment":[{"href":"https:\/\/www.redenoticia.com.br\/noticia\/wp-json\/wp\/v2\/media?parent=41697"}],"wp:term":[{"taxonomy":"category","embeddable":true,"href":"https:\/\/www.redenoticia.com.br\/noticia\/wp-json\/wp\/v2\/categories?post=41697"},{"taxonomy":"post_tag","embeddable":true,"href":"https:\/\/www.redenoticia.com.br\/noticia\/wp-json\/wp\/v2\/tags?post=41697"}],"curies":[{"name":"wp","href":"https:\/\/api.w.org\/{rel}","templated":true}]}}