{"id":41680,"date":"2012-12-12T09:39:37","date_gmt":"2012-12-12T11:39:37","guid":{"rendered":"http:\/\/www.redenoticia.com.br\/noticia\/?p=41680"},"modified":"2012-12-12T09:39:37","modified_gmt":"2012-12-12T11:39:37","slug":"brasil-e-uruguai-firmam-acordo-para-a-copa-e-olimpiadas","status":"publish","type":"post","link":"https:\/\/www.redenoticia.com.br\/noticia\/2012\/brasil-e-uruguai-firmam-acordo-para-a-copa-e-olimpiadas\/41680","title":{"rendered":"Brasil e Uruguai firmam acordo para a Copa e Olimp\u00edadas"},"content":{"rendered":"<p>Bras\u00edlia &#8211; Os governos do Brasil e do Uruguai firmaram um acordo para refor\u00e7ar a coopera\u00e7\u00e3o que pretende preparar atletas de ambos os pa\u00edses para a <em><strong>Copa do Mundo<\/strong><\/em> de 2014 e as Olimp\u00edadas de 2016. O acordo foi atualizado, pois ele existe desde 2005. O ministro do Esporte, Aldo Rebelo, reuniu-se com o presidente do Uruguai, Jos\u00e9 Pepe Mujica, em Montevid\u00e9u, capital uruguaia.<\/p>\n<p>Pelo acordo, haver\u00e1 troca de suporte t\u00e9cnico em v\u00e1rias modalidades esportivas. No caso do Uruguai, est\u00e3o no programa futebol feminino, v\u00f4lei e nata\u00e7\u00e3o. O Brasil receber\u00e1 suporte em rugby, ciclismo e h\u00f3quei. Segundo Rebelo, o acordo promover\u00e1 a &#8220;recupera\u00e7\u00e3o do futebol sul-americano como patrim\u00f4nio esportivo, social e cultural&#8221;.<\/p>\n<p>O ministro do Esporte disse ainda que est\u00e1 em estudo a promo\u00e7\u00e3o de um programa de voluntariado por meio do qual os jovens uruguaios v\u00e3o poder participar da prepara\u00e7\u00e3o da Copa e das Olimp\u00edadas. Detalhes sobre o acordo podem ser obtidos na p\u00e1gina da Presid\u00eancia da Rep\u00fablica do Uruguai.<\/p>\n<p>Renata Giraldi<br \/>\nRep\u00f3rter da Ag\u00eancia Brasil<br \/>\nEdi\u00e7\u00e3o: Talita Cavalcante<\/p>\n","protected":false},"excerpt":{"rendered":"<p>Bras\u00edlia &#8211; Os governos do Brasil e do Uruguai firmaram um acordo para refor\u00e7ar a coopera\u00e7\u00e3o que pretende preparar atletas de ambos os pa\u00edses para a Copa do Mundo de 2014 e as Olimp\u00edadas de 2016. O acordo foi atualizado, pois ele existe desde 2005. O ministro do Esporte, Aldo Rebelo, reuniu-se com o presidente [&hellip;]<\/p>\n","protected":false},"author":3,"featured_media":30249,"comment_status":"open","ping_status":"closed","sticky":false,"template":"","format":"standard","meta":{"_genesis_hide_title":false,"_genesis_hide_breadcrumbs":false,"_genesis_hide_singular_image":false,"_genesis_hide_footer_widgets":false,"_genesis_custom_body_class":"","_genesis_custom_post_class":"","_genesis_layout":"","_jetpack_memberships_contains_paid_content":false,"footnotes":""},"categories":[22],"tags":[],"class_list":{"0":"post-41680","1":"post","2":"type-post","3":"status-publish","4":"format-standard","5":"has-post-thumbnail","7":"category-brasil","8":"entry","9":"gs-1","10":"gs-odd","11":"gs-even","12":"gs-featured-content-entry"},"jetpack_featured_media_url":"https:\/\/www.redenoticia.com.br\/noticia\/imagens\/copa-do-mundo-2014.jpg","jetpack_sharing_enabled":true,"jetpack_likes_enabled":true,"_links":{"self":[{"href":"https:\/\/www.redenoticia.com.br\/noticia\/wp-json\/wp\/v2\/posts\/41680","targetHints":{"allow":["GET"]}}],"collection":[{"href":"https:\/\/www.redenoticia.com.br\/noticia\/wp-json\/wp\/v2\/posts"}],"about":[{"href":"https:\/\/www.redenoticia.com.br\/noticia\/wp-json\/wp\/v2\/types\/post"}],"author":[{"embeddable":true,"href":"https:\/\/www.redenoticia.com.br\/noticia\/wp-json\/wp\/v2\/users\/3"}],"replies":[{"embeddable":true,"href":"https:\/\/www.redenoticia.com.br\/noticia\/wp-json\/wp\/v2\/comments?post=41680"}],"version-history":[{"count":0,"href":"https:\/\/www.redenoticia.com.br\/noticia\/wp-json\/wp\/v2\/posts\/41680\/revisions"}],"wp:featuredmedia":[{"embeddable":true,"href":"https:\/\/www.redenoticia.com.br\/noticia\/wp-json\/wp\/v2\/media\/30249"}],"wp:attachment":[{"href":"https:\/\/www.redenoticia.com.br\/noticia\/wp-json\/wp\/v2\/media?parent=41680"}],"wp:term":[{"taxonomy":"category","embeddable":true,"href":"https:\/\/www.redenoticia.com.br\/noticia\/wp-json\/wp\/v2\/categories?post=41680"},{"taxonomy":"post_tag","embeddable":true,"href":"https:\/\/www.redenoticia.com.br\/noticia\/wp-json\/wp\/v2\/tags?post=41680"}],"curies":[{"name":"wp","href":"https:\/\/api.w.org\/{rel}","templated":true}]}}