{"id":41640,"date":"2012-12-07T17:58:15","date_gmt":"2012-12-07T19:58:15","guid":{"rendered":"http:\/\/www.redenoticia.com.br\/noticia\/?p=41640"},"modified":"2012-12-07T18:06:27","modified_gmt":"2012-12-07T20:06:27","slug":"acervo-da-biblioteca-do-pateo-do-collegio-esta-na-internet","status":"publish","type":"post","link":"https:\/\/www.redenoticia.com.br\/noticia\/2012\/acervo-da-biblioteca-do-pateo-do-collegio-esta-na-internet\/41640","title":{"rendered":"Acervo da biblioteca do Pateo do Collegio est\u00e1 na internet"},"content":{"rendered":"<p>Ag\u00eancia FAPESP\u00a0\u2013 Livros raros, manuscritos escritos por jesu\u00edtas desde o s\u00e9culo XVI, cole\u00e7\u00f5es de folhetos sobre pol\u00edtica e eventos do Brasil e amplo<em><strong> acervo fotogr\u00e1fico<\/strong><\/em> da hist\u00f3ria do pa\u00eds est\u00e3o entre os materiais que fazem parte do acervo de 25 mil volumes da biblioteca Padre Ant\u00f4nio Vieira, localizada no Pateo do Collegio, no Centro de S\u00e3o Paulo.<\/p>\n<p>Todo este acervo acaba de ser disponibilizado para pesquisa pela internet, com acesso\u00a0<a href=\"http:\/\/www.pateocollegio.com.br\/newsite\/conteudo.asp?i=i1&amp;pag_id=92\" target=\"_blank\">pelo link<\/a>\u00a0da biblioteca no site do Pateo do Collegio.<\/p>\n<p>Inaugurada em 2002, a biblioteca Padre Ant\u00f4nio Vieira \u00e9 especializada na hist\u00f3ria dos jesu\u00edtas e da cidade de S\u00e3o Paulo, al\u00e9m de materiais relativos \u00e0 hist\u00f3ria geral e do Brasil (e da Igreja Cat\u00f3lica), arte, biografias, filosofia, teologia, pol\u00edtica, literatura e turismo.<\/p>\n<p>Entre os materiais raros est\u00e3o: a primeira edi\u00e7\u00e3o dos Serm\u00f5es de Padre Ant\u00f4nio Vieira; cole\u00e7\u00e3o de escritos dos jesu\u00edtas desde o s\u00e9culo XVI (como as cartas originais do Padre Jos\u00e9 de Anchieta e manuscritos do jesu\u00edta italiano Jo\u00e3o Antonil); publica\u00e7\u00f5es sobre eventos realizados em 1954 em comemora\u00e7\u00e3o ao Quarto Centen\u00e1rio da Cidade de S\u00e3o Paulo; e documentos sobre o processo de canoniza\u00e7\u00e3o do Padre Jos\u00e9 de Anchieta (cujos originais encontram-se no Vaticano).<\/p>\n<p>No acervo encontram-se livros cujas capas foram produzidas com canela preta \u2013 madeira quadricenten\u00e1ria encontrada durante a demoli\u00e7\u00e3o do Pal\u00e1cio do Governo em 1953. Alguns dos livros est\u00e3o em l\u00edngua portuguesa e em latim. E, ainda, amplo acervo fotogr\u00e1fico sobre o cotidiano do clero brasileiro, de processos de constru\u00e7\u00e3o de obras jesu\u00edtas, de eventos pol\u00edticos, religiosos e sociais.<\/p>\n<p>Todo o acervo est\u00e1 catalogado em base de dados e acess\u00edvel on-line por meio do Pergamum \u2013 Sistema Integrado de Bibliotecas. O Sistema contempla as principais fun\u00e7\u00f5es de uma biblioteca, funcionando de forma integrada, com o objetivo de facilitar a gest\u00e3o dos centros de informa\u00e7\u00e3o, melhorando a rotina di\u00e1ria com os seus usu\u00e1rios. A pesquisa do acervo da biblioteca Padre Ant\u00f4nio Vieira pode ser feita pelas palavras-chave: autor, t\u00edtulo e assunto, entre outras.<\/p>\n<p>A Rede Pergamum re\u00fane, em uma \u00fanica ferramenta, todos os cat\u00e1logos das institui\u00e7\u00f5es que os disponibilizaram para pesquisa. Funciona como uma base centralizada (na Pontif\u00edcia Universidade Cat\u00f3lica do Paran\u00e1, em Curitiba), na qual a busca \u00e9 feita de forma r\u00e1pida e eficiente em todas as bibliotecas participantes. O sistema agrega mais de 220 institui\u00e7\u00f5es, com cerca de 2.500 bibliotecas no pa\u00eds.<\/p>\n<p>\u201cNosso objetivo \u00e9 participar do processo global de democratiza\u00e7\u00e3o da cultura, garantindo o acesso gratuito da popula\u00e7\u00e3o ao acervo documental da biblioteca, bem como assegurar a preserva\u00e7\u00e3o do acervo bibliogr\u00e1fico hist\u00f3rico da Companhia de Jesus em S\u00e3o Paulo\u201d, disse o Padre Carlos Alberto Contieri, diretor do Pateo do Collegio e do Museu de Arte Sacra dos Jesu\u00edtas em Embu das Artes.<\/p>\n<p>Complexo hist\u00f3rico-cultural e religioso pertencente \u00e0 Companhia de Jesus e constitu\u00eddo pela Igreja Beato Jos\u00e9 de Anchieta, Museu Anchieta, Museu de Arte Sacra dos Jesu\u00edtas (em Embu das Artes) e pelo Caf\u00e9 do Pateo, al\u00e9m da Biblioteca Padre Ant\u00f4nio Vieira. Desde a sua funda\u00e7\u00e3o, enquanto Col\u00e9gio de S\u00e3o Paulo de Piratininga em 1554, at\u00e9 os dias atuais, o Pateo do Collegio tem-se tornado refer\u00eancia na preserva\u00e7\u00e3o da mem\u00f3ria hist\u00f3rica da cidade de S\u00e3o Paulo e na promo\u00e7\u00e3o da cultura.<\/p>\n<p>Ao longo dos s\u00e9culos, o complexo sofreu v\u00e1rias altera\u00e7\u00f5es, sendo a \u00faltima a reconstru\u00e7\u00e3o nas d\u00e9cadas de 1960 e 1970, com inspira\u00e7\u00e3o no complexo arquitet\u00f4nico de 1680. \u00c9 um marco da atua\u00e7\u00e3o da Igreja Cat\u00f3lica no que tange \u00e0 catequiza\u00e7\u00e3o, educa\u00e7\u00e3o e convers\u00e3o dos povos ind\u00edgenas do ent\u00e3o Planalto de Piratininga.<\/p>\n<p>Mais informa\u00e7\u00f5es:\u00a0<a href=\"http:\/\/www.pateocollegio.com.br\/newsite\/conteudo.asp?i=i1&amp;pag_id=92\" target=\"_blank\">www.pateocollegio.com.br<\/a><\/p>\n","protected":false},"excerpt":{"rendered":"<p>Ag\u00eancia FAPESP\u00a0\u2013 Livros raros, manuscritos escritos por jesu\u00edtas desde o s\u00e9culo XVI, cole\u00e7\u00f5es de folhetos sobre pol\u00edtica e eventos do Brasil e amplo acervo fotogr\u00e1fico da hist\u00f3ria do pa\u00eds est\u00e3o entre os materiais que fazem parte do acervo de 25 mil volumes da biblioteca Padre Ant\u00f4nio Vieira, localizada no Pateo do Collegio, no Centro de [&hellip;]<\/p>\n","protected":false},"author":3,"featured_media":37419,"comment_status":"open","ping_status":"closed","sticky":false,"template":"","format":"standard","meta":{"_genesis_hide_title":false,"_genesis_hide_breadcrumbs":false,"_genesis_hide_singular_image":false,"_genesis_hide_footer_widgets":false,"_genesis_custom_body_class":"","_genesis_custom_post_class":"","_genesis_layout":"","_jetpack_memberships_contains_paid_content":false,"footnotes":""},"categories":[22],"tags":[],"class_list":{"0":"post-41640","1":"post","2":"type-post","3":"status-publish","4":"format-standard","5":"has-post-thumbnail","7":"category-brasil","8":"entry","9":"gs-1","10":"gs-odd","11":"gs-even","12":"gs-featured-content-entry"},"jetpack_featured_media_url":"https:\/\/www.redenoticia.com.br\/noticia\/imagens\/computador-tecnologia.jpg","jetpack_sharing_enabled":true,"jetpack_likes_enabled":true,"_links":{"self":[{"href":"https:\/\/www.redenoticia.com.br\/noticia\/wp-json\/wp\/v2\/posts\/41640","targetHints":{"allow":["GET"]}}],"collection":[{"href":"https:\/\/www.redenoticia.com.br\/noticia\/wp-json\/wp\/v2\/posts"}],"about":[{"href":"https:\/\/www.redenoticia.com.br\/noticia\/wp-json\/wp\/v2\/types\/post"}],"author":[{"embeddable":true,"href":"https:\/\/www.redenoticia.com.br\/noticia\/wp-json\/wp\/v2\/users\/3"}],"replies":[{"embeddable":true,"href":"https:\/\/www.redenoticia.com.br\/noticia\/wp-json\/wp\/v2\/comments?post=41640"}],"version-history":[{"count":0,"href":"https:\/\/www.redenoticia.com.br\/noticia\/wp-json\/wp\/v2\/posts\/41640\/revisions"}],"wp:featuredmedia":[{"embeddable":true,"href":"https:\/\/www.redenoticia.com.br\/noticia\/wp-json\/wp\/v2\/media\/37419"}],"wp:attachment":[{"href":"https:\/\/www.redenoticia.com.br\/noticia\/wp-json\/wp\/v2\/media?parent=41640"}],"wp:term":[{"taxonomy":"category","embeddable":true,"href":"https:\/\/www.redenoticia.com.br\/noticia\/wp-json\/wp\/v2\/categories?post=41640"},{"taxonomy":"post_tag","embeddable":true,"href":"https:\/\/www.redenoticia.com.br\/noticia\/wp-json\/wp\/v2\/tags?post=41640"}],"curies":[{"name":"wp","href":"https:\/\/api.w.org\/{rel}","templated":true}]}}