{"id":41565,"date":"2012-11-30T18:20:54","date_gmt":"2012-11-30T20:20:54","guid":{"rendered":"http:\/\/www.redenoticia.com.br\/noticia\/?p=41565"},"modified":"2012-12-03T16:50:07","modified_gmt":"2012-12-03T18:50:07","slug":"cptm-abre-42-vagas-de-aluno-aprendiz","status":"publish","type":"post","link":"https:\/\/www.redenoticia.com.br\/noticia\/2012\/cptm-abre-42-vagas-de-aluno-aprendiz\/41565","title":{"rendered":"CPTM abre 42 vagas de Aluno-Aprendiz"},"content":{"rendered":"<p>A Companhia Paulista de Trens Metropolitanos (<em><strong>CPTM<\/strong><\/em>) abre neste s\u00e1bado, 1\u00ba, as inscri\u00e7\u00f5es para o <em><strong>concurso p\u00fablico<\/strong><\/em> Aluno-Aprendiz. S\u00e3o 42 vagas para forma\u00e7\u00e3o em tr\u00eas \u00e1reas do curso t\u00e9cnico no Centro de Forma\u00e7\u00e3o Profissional Eng\u00b0 James C. Stewart, mantido pela CPTM em conv\u00eanio com o Servi\u00e7o Nacional de Aprendizagem Industrial (Senai).<\/p>\n<p>As inscri\u00e7\u00f5es v\u00e3o at\u00e9 o dia 15 de dezembro, e devem ser feitas pela internet, no\u00a0<a href=\"http:\/\/www.makiyama.com.br\/\" target=\"_blank\">site<\/a>\u00a0Makiyama. A taxa de inscri\u00e7\u00e3o \u00e9 de R$ 15,60. Na impossibilidade de acesso \u00e0 Internet, o candidato pode recorrer a um posto de atendimento do programa Acessa S\u00e3o Paulo ou a telecentros, onde o acesso \u00e0 internet \u00e9 gratuito. A prova ser\u00e1 dia 6 de janeiro.<\/p>\n<p>As vagas compreendem o curso t\u00e9cnico em Sistemas Eletr\u00f4nicos de Transporte sobre Trilhos (16 vagas) para os candidatos com ensino m\u00e9dio. Para os interessados com ensino fundamental, as vagas s\u00e3o de Eletricista de Manuten\u00e7\u00e3o de Transporte sobre Trilhos (16 vagas) e Mec\u00e2nico de Manuten\u00e7\u00e3o de Transportes sobre Trilhos (10 vagas).<\/p>\n<p>Do Portal do Governo do Estado<\/p>\n","protected":false},"excerpt":{"rendered":"<p>A Companhia Paulista de Trens Metropolitanos (CPTM) abre neste s\u00e1bado, 1\u00ba, as inscri\u00e7\u00f5es para o concurso p\u00fablico Aluno-Aprendiz. S\u00e3o 42 vagas para forma\u00e7\u00e3o em tr\u00eas \u00e1reas do curso t\u00e9cnico no Centro de Forma\u00e7\u00e3o Profissional Eng\u00b0 James C. Stewart, mantido pela CPTM em conv\u00eanio com o Servi\u00e7o Nacional de Aprendizagem Industrial (Senai). As inscri\u00e7\u00f5es v\u00e3o at\u00e9 [&hellip;]<\/p>\n","protected":false},"author":3,"featured_media":28954,"comment_status":"open","ping_status":"closed","sticky":false,"template":"","format":"standard","meta":{"_genesis_hide_title":false,"_genesis_hide_breadcrumbs":false,"_genesis_hide_singular_image":false,"_genesis_hide_footer_widgets":false,"_genesis_custom_body_class":"","_genesis_custom_post_class":"","_genesis_layout":"","_jetpack_memberships_contains_paid_content":false,"footnotes":""},"categories":[22,352,370],"tags":[],"class_list":{"0":"post-41565","1":"post","2":"type-post","3":"status-publish","4":"format-standard","5":"has-post-thumbnail","7":"category-brasil","8":"category-concursos","9":"category-inscricao","10":"entry","11":"gs-1","12":"gs-odd","13":"gs-even","14":"gs-featured-content-entry"},"jetpack_featured_media_url":"https:\/\/www.redenoticia.com.br\/noticia\/imagens\/concurso-publico.jpg","jetpack_sharing_enabled":true,"jetpack_likes_enabled":true,"_links":{"self":[{"href":"https:\/\/www.redenoticia.com.br\/noticia\/wp-json\/wp\/v2\/posts\/41565","targetHints":{"allow":["GET"]}}],"collection":[{"href":"https:\/\/www.redenoticia.com.br\/noticia\/wp-json\/wp\/v2\/posts"}],"about":[{"href":"https:\/\/www.redenoticia.com.br\/noticia\/wp-json\/wp\/v2\/types\/post"}],"author":[{"embeddable":true,"href":"https:\/\/www.redenoticia.com.br\/noticia\/wp-json\/wp\/v2\/users\/3"}],"replies":[{"embeddable":true,"href":"https:\/\/www.redenoticia.com.br\/noticia\/wp-json\/wp\/v2\/comments?post=41565"}],"version-history":[{"count":0,"href":"https:\/\/www.redenoticia.com.br\/noticia\/wp-json\/wp\/v2\/posts\/41565\/revisions"}],"wp:featuredmedia":[{"embeddable":true,"href":"https:\/\/www.redenoticia.com.br\/noticia\/wp-json\/wp\/v2\/media\/28954"}],"wp:attachment":[{"href":"https:\/\/www.redenoticia.com.br\/noticia\/wp-json\/wp\/v2\/media?parent=41565"}],"wp:term":[{"taxonomy":"category","embeddable":true,"href":"https:\/\/www.redenoticia.com.br\/noticia\/wp-json\/wp\/v2\/categories?post=41565"},{"taxonomy":"post_tag","embeddable":true,"href":"https:\/\/www.redenoticia.com.br\/noticia\/wp-json\/wp\/v2\/tags?post=41565"}],"curies":[{"name":"wp","href":"https:\/\/api.w.org\/{rel}","templated":true}]}}