{"id":41560,"date":"2012-11-30T17:53:43","date_gmt":"2012-11-30T19:53:43","guid":{"rendered":"http:\/\/www.redenoticia.com.br\/noticia\/?p=41560"},"modified":"2012-11-30T17:53:43","modified_gmt":"2012-11-30T19:53:43","slug":"medidas-economicas-tomadas-pelo-governo-sao-estruturais-diz-mantega","status":"publish","type":"post","link":"https:\/\/www.redenoticia.com.br\/noticia\/2012\/medidas-economicas-tomadas-pelo-governo-sao-estruturais-diz-mantega\/41560","title":{"rendered":"Medidas econ\u00f4micas tomadas pelo governo s\u00e3o estruturais, diz Mantega"},"content":{"rendered":"<p>S\u00e3o Paulo \u2013 O ministro da Fazenda, Guido Mantega, rejeitou a cr\u00edtica de que as medidas de est\u00edmulo \u00e0<em><strong> economia<\/strong> <\/em>que v\u00eam sendo adotadas pelo governo sejam paliativas e argumentou que o conjunto de a\u00e7\u00f5es tem efeito estrutural. Para ele, n\u00e3o h\u00e1 esgotamento do modelo de est\u00edmulos usado para impulsionar a economia brasileira.<\/p>\n<p>\u201cAchar que reduzir a taxa de juros para esse patamar \u00e9 uma medida paliativa \u00e9 uma piada. Isto \u00e9 uma medida estrutural na economia brasileira. A redu\u00e7\u00e3o de tributos, como n\u00f3s estamos fazendo, \u00e9 uma mudan\u00e7a estrutural. Desonera\u00e7\u00e3o da folha de pagamentos \u00e9 uma mudan\u00e7a estrutural\u201d, disse durante entrevista coletiva sobre o crescimento de 0,6% do Produto Interno Bruto (PIB).<\/p>\n<p>Na oportunidade, ele anunciou que novas medidas de est\u00edmulo, no \u00e2mbito financeiro, devem ser anunciadas na pr\u00f3xima semana.<\/p>\n<p>Para o ministro, essas a\u00e7\u00f5es do governo comp\u00f5em um processo de transforma\u00e7\u00e3o, que resultar\u00e3o em uma economia mais competitiva, com custos financeiros e tribut\u00e1rios menores, al\u00e9m de gerar maior oferta de infraestrutura. \u201c\u00c9 um conjunto de medidas estruturais\u201d, definiu.<\/p>\n<p>De acordo ele, as medidas com objetivos de curto prazo s\u00e3o minorit\u00e1rias, representadas por a\u00e7\u00f5es como redu\u00e7\u00e3o do Imposto sobre Produtos Industrializados (IPI) para eletrodom\u00e9sticos da linha branca e autom\u00f3veis.<\/p>\n<p>Al\u00e9m disso, algumas das medidas, como a desonera\u00e7\u00e3o da folha de pagamentos e a redu\u00e7\u00e3o das tarifas de energia, futuramente, surtir\u00e3o efeitos na economia, j\u00e1 que devem entrar em vigor apenas no pr\u00f3ximo ano.<\/p>\n<p>Outras a\u00e7\u00f5es j\u00e1 tomadas, por sua vez, devem demorar a apresentar resultados, como a redu\u00e7\u00e3o da taxa de juros. \u201cTodo mundo sabe que ela n\u00e3o surte efeito imediato, exige alguns meses para fazer efeito. Isso tem sido retardado pela crise internacional, que causa uma expectativa negativa na economia internacional\u201d, declarou.<\/p>\n<p>A desvaloriza\u00e7\u00e3o do c\u00e2mbio, de acordo com ele, \u00e9 outro caso de medida que precisa de tempo para mostrar resultados na economia. Isso porque os exportadores j\u00e1 haviam feito vendas no mercado futuro, com outro c\u00e2mbio. \u201cEnt\u00e3o, a economia est\u00e1 se adaptando a essa nova situa\u00e7\u00e3o, muito mais estimulante para a produ\u00e7\u00e3o. E ela j\u00e1 est\u00e1 come\u00e7ando a surtir efeito\u201d, informou.<\/p>\n<p>Fernanda Cruz<br \/>\nRep\u00f3rter da Ag\u00eancia Brasil<br \/>\nEdi\u00e7\u00e3o: Davi Oliveira<\/p>\n","protected":false},"excerpt":{"rendered":"<p>S\u00e3o Paulo \u2013 O ministro da Fazenda, Guido Mantega, rejeitou a cr\u00edtica de que as medidas de est\u00edmulo \u00e0 economia que v\u00eam sendo adotadas pelo governo sejam paliativas e argumentou que o conjunto de a\u00e7\u00f5es tem efeito estrutural. Para ele, n\u00e3o h\u00e1 esgotamento do modelo de est\u00edmulos usado para impulsionar a economia brasileira. \u201cAchar que [&hellip;]<\/p>\n","protected":false},"author":3,"featured_media":38938,"comment_status":"open","ping_status":"closed","sticky":false,"template":"","format":"standard","meta":{"_genesis_hide_title":false,"_genesis_hide_breadcrumbs":false,"_genesis_hide_singular_image":false,"_genesis_hide_footer_widgets":false,"_genesis_custom_body_class":"","_genesis_custom_post_class":"","_genesis_layout":"","_jetpack_memberships_contains_paid_content":false,"footnotes":""},"categories":[22,7],"tags":[],"class_list":{"0":"post-41560","1":"post","2":"type-post","3":"status-publish","4":"format-standard","5":"has-post-thumbnail","7":"category-brasil","8":"category-economia","9":"entry","10":"gs-1","11":"gs-odd","12":"gs-even","13":"gs-featured-content-entry"},"jetpack_featured_media_url":"https:\/\/www.redenoticia.com.br\/noticia\/imagens\/economia1.jpg","jetpack_sharing_enabled":true,"jetpack_likes_enabled":true,"_links":{"self":[{"href":"https:\/\/www.redenoticia.com.br\/noticia\/wp-json\/wp\/v2\/posts\/41560","targetHints":{"allow":["GET"]}}],"collection":[{"href":"https:\/\/www.redenoticia.com.br\/noticia\/wp-json\/wp\/v2\/posts"}],"about":[{"href":"https:\/\/www.redenoticia.com.br\/noticia\/wp-json\/wp\/v2\/types\/post"}],"author":[{"embeddable":true,"href":"https:\/\/www.redenoticia.com.br\/noticia\/wp-json\/wp\/v2\/users\/3"}],"replies":[{"embeddable":true,"href":"https:\/\/www.redenoticia.com.br\/noticia\/wp-json\/wp\/v2\/comments?post=41560"}],"version-history":[{"count":0,"href":"https:\/\/www.redenoticia.com.br\/noticia\/wp-json\/wp\/v2\/posts\/41560\/revisions"}],"wp:featuredmedia":[{"embeddable":true,"href":"https:\/\/www.redenoticia.com.br\/noticia\/wp-json\/wp\/v2\/media\/38938"}],"wp:attachment":[{"href":"https:\/\/www.redenoticia.com.br\/noticia\/wp-json\/wp\/v2\/media?parent=41560"}],"wp:term":[{"taxonomy":"category","embeddable":true,"href":"https:\/\/www.redenoticia.com.br\/noticia\/wp-json\/wp\/v2\/categories?post=41560"},{"taxonomy":"post_tag","embeddable":true,"href":"https:\/\/www.redenoticia.com.br\/noticia\/wp-json\/wp\/v2\/tags?post=41560"}],"curies":[{"name":"wp","href":"https:\/\/api.w.org\/{rel}","templated":true}]}}