{"id":41553,"date":"2012-11-29T20:13:54","date_gmt":"2012-11-29T22:13:54","guid":{"rendered":"http:\/\/www.redenoticia.com.br\/noticia\/?p=41553"},"modified":"2012-11-29T20:13:54","modified_gmt":"2012-11-29T22:13:54","slug":"felipao-diz-que-tem-a-obrigacao-ganhar-a-copa-2014","status":"publish","type":"post","link":"https:\/\/www.redenoticia.com.br\/noticia\/2012\/felipao-diz-que-tem-a-obrigacao-ganhar-a-copa-2014\/41553","title":{"rendered":"Felip\u00e3o diz que tem a obriga\u00e7\u00e3o ganhar a Copa 2014"},"content":{"rendered":"<p>Rio de Janeiro \u2013 O novo t\u00e9cnico da sele\u00e7\u00e3o brasileira de futebol, Luiz Felipe Scolari, afirmou hoje (29) que tem a obriga\u00e7\u00e3o de vencer a pr\u00f3xima <em><strong>Copa do Mundo<\/strong><\/em>. Felip\u00e3o foi apresentado hoje (29) ao lado do novo coordenador t\u00e9cnico da sele\u00e7\u00e3o, Carlos Alberto Parreira.<\/p>\n<p>\u201c\u00c9 bom que seja colocado a todos os brasileiros: n\u00f3s temos a obriga\u00e7\u00e3o, sim, de ganhar o t\u00edtulo. Porque jogamos em casa. N\u00e3o somos favoritos no momento, mas pretendemos nos tornar favoritos durante a competi\u00e7\u00e3o. N\u00f3s vamos trabalhar para isso\u201d, destacou Felip\u00e3o na coletiva de imprensa.<\/p>\n<p>O t\u00e9cnico do pentacampeonato brasileiro em 2002 se disse rejuvenescido e n\u00e3o poupou franqueza, bem a seu estilo: \u201cSe n\u00f3s organizamos uma Copa do Mundo, n\u00e3o \u00e9 com intuito de ser vice, terceiro ou quarto\u201d.<\/p>\n<p>Felip\u00e3o disse como ser\u00e1 o trabalho ao lado de Parreira, respons\u00e1vel pelo tetracampeonato, em 1994. \u201cN\u00f3s temos algumas diferen\u00e7as de coloca\u00e7\u00e3o em campo, de posicionamento, formas de treinamento. N\u00f3s vamos discutir e adaptar ao grupo que ser\u00e1 convocado. Acho que os dois estilos v\u00e3o se fundir\u201d, disse Felip\u00e3o.<\/p>\n<p>Parreira fez apelo ao envolvimento do torcedor pela sele\u00e7\u00e3o e reconheceu a import\u00e2ncia de retornar \u00e0 equipe. \u201cCabe a n\u00f3s &#8211; da comiss\u00e3o t\u00e9cnica aos jogadores &#8211; fazer com que o torcedor se envolva. A sele\u00e7\u00e3o brasileira faz bem. Aquela chama, aquela adrenalina, \u00e9 muito boa. Este desafio \u00e9 maravilhoso. Voltar \u00e0 Sele\u00e7\u00e3o aqui no Brasil, disputando uma Copa do Mundo, \u00e9 uma coisa que ningu\u00e9m tem no\u00e7\u00e3o at\u00e9 que participe\u201d.<\/p>\n<p>O presidente da CBF, Jos\u00e9 Maria Marin, explicou porque escolheu Felip\u00e3o e Parreira e descartou chamar um t\u00e9cnico estrangeiro, como chegou a ser cogitado. \u201cOs cinco t\u00edtulos foram obtidos gra\u00e7as aos t\u00e9cnicos brasileiros, que levaram os seus conhecimentos al\u00e9m das nossas fronteiras. Temos t\u00e9cnicos muito dedicados e merecedores de ocupar este cargo\u201d.<\/p>\n<p>Vladimir Platonow<br \/>\nRep\u00f3rter da Ag\u00eancia Brasil<\/p>\n<p>Edi\u00e7\u00e3o Beto Coura<\/p>\n","protected":false},"excerpt":{"rendered":"<p>Rio de Janeiro \u2013 O novo t\u00e9cnico da sele\u00e7\u00e3o brasileira de futebol, Luiz Felipe Scolari, afirmou hoje (29) que tem a obriga\u00e7\u00e3o de vencer a pr\u00f3xima Copa do Mundo. Felip\u00e3o foi apresentado hoje (29) ao lado do novo coordenador t\u00e9cnico da sele\u00e7\u00e3o, Carlos Alberto Parreira. \u201c\u00c9 bom que seja colocado a todos os brasileiros: n\u00f3s [&hellip;]<\/p>\n","protected":false},"author":3,"featured_media":30249,"comment_status":"open","ping_status":"closed","sticky":false,"template":"","format":"standard","meta":{"_genesis_hide_title":false,"_genesis_hide_breadcrumbs":false,"_genesis_hide_singular_image":false,"_genesis_hide_footer_widgets":false,"_genesis_custom_body_class":"","_genesis_custom_post_class":"","_genesis_layout":"","_jetpack_memberships_contains_paid_content":false,"footnotes":""},"categories":[22],"tags":[],"class_list":{"0":"post-41553","1":"post","2":"type-post","3":"status-publish","4":"format-standard","5":"has-post-thumbnail","7":"category-brasil","8":"entry","9":"gs-1","10":"gs-odd","11":"gs-even","12":"gs-featured-content-entry"},"jetpack_featured_media_url":"https:\/\/www.redenoticia.com.br\/noticia\/imagens\/copa-do-mundo-2014.jpg","jetpack_sharing_enabled":true,"jetpack_likes_enabled":true,"_links":{"self":[{"href":"https:\/\/www.redenoticia.com.br\/noticia\/wp-json\/wp\/v2\/posts\/41553","targetHints":{"allow":["GET"]}}],"collection":[{"href":"https:\/\/www.redenoticia.com.br\/noticia\/wp-json\/wp\/v2\/posts"}],"about":[{"href":"https:\/\/www.redenoticia.com.br\/noticia\/wp-json\/wp\/v2\/types\/post"}],"author":[{"embeddable":true,"href":"https:\/\/www.redenoticia.com.br\/noticia\/wp-json\/wp\/v2\/users\/3"}],"replies":[{"embeddable":true,"href":"https:\/\/www.redenoticia.com.br\/noticia\/wp-json\/wp\/v2\/comments?post=41553"}],"version-history":[{"count":0,"href":"https:\/\/www.redenoticia.com.br\/noticia\/wp-json\/wp\/v2\/posts\/41553\/revisions"}],"wp:featuredmedia":[{"embeddable":true,"href":"https:\/\/www.redenoticia.com.br\/noticia\/wp-json\/wp\/v2\/media\/30249"}],"wp:attachment":[{"href":"https:\/\/www.redenoticia.com.br\/noticia\/wp-json\/wp\/v2\/media?parent=41553"}],"wp:term":[{"taxonomy":"category","embeddable":true,"href":"https:\/\/www.redenoticia.com.br\/noticia\/wp-json\/wp\/v2\/categories?post=41553"},{"taxonomy":"post_tag","embeddable":true,"href":"https:\/\/www.redenoticia.com.br\/noticia\/wp-json\/wp\/v2\/tags?post=41553"}],"curies":[{"name":"wp","href":"https:\/\/api.w.org\/{rel}","templated":true}]}}