{"id":41552,"date":"2012-11-29T20:09:13","date_gmt":"2012-11-29T22:09:13","guid":{"rendered":"http:\/\/www.redenoticia.com.br\/noticia\/?p=41552"},"modified":"2012-11-29T20:09:13","modified_gmt":"2012-11-29T22:09:13","slug":"cespeunb-divulga-locais-de-provas-do-pas","status":"publish","type":"post","link":"https:\/\/www.redenoticia.com.br\/noticia\/2012\/cespeunb-divulga-locais-de-provas-do-pas\/41552","title":{"rendered":"Cespe\/UnB divulga locais de provas do PAS"},"content":{"rendered":"<p>O Cespe\/UnB registrou 27.760 inscritos para a primeira etapa do <em><strong>Programa de Avalia\u00e7\u00e3o Seriada<\/strong><\/em> (PAS) da Universidade de Bras\u00edlia (UnB). A segunda etapa conta com 21.096 inscritos. Os candidatos participam das provas no pr\u00f3ximo fim de semana, respectivamente, nos dias 1\u00ba e 2 de dezembro. A consulta aos locais e hor\u00e1rio das provas pode ser feita no endere\u00e7o eletr\u00f4nico\u00a0<a href=\"http:\/\/www.cespe.unb.br\/pas\" target=\"_blank\">www.cespe.unb.br\/pas<\/a>.<\/p>\n<p>A aplica\u00e7\u00e3o das provas come\u00e7ar\u00e1 \u00e0s 13h. Os candidatos devem chegar aos locais de prova com uma hora de anteced\u00eancia. Haver\u00e1 provas no Distrito Federal e nas cidades de An\u00e1polis (GO), Formosa (GO), Goi\u00e2nia (GO), Valpara\u00edso de Goi\u00e1s (GO), Belo Horizonte (MG), Patos de Minas (MG), Uberaba (MG) e Uberl\u00e2ndia (MG).<\/p>\n<p>PROVAS\u00a0\u2013 A prova de conhecimentos e a prova de reda\u00e7\u00e3o em L\u00edngua Portuguesa ter\u00e3o dura\u00e7\u00e3o de 5 horas. A parte 1 da prova de conhecimentos ser\u00e1 de quest\u00f5es de L\u00edngua Estrangeira e a parte 2 conter\u00e1 quest\u00f5es de Artes C\u00eanicas, Artes Visuais, Biologia, Filosofia, F\u00edsica, Geografia, Hist\u00f3ria, L\u00edngua Portuguesa, Literaturas de L\u00edngua Portuguesa, Matem\u00e1tica, M\u00fasica, Qu\u00edmica e Sociologia.<\/p>\n<p>A prova de conhecimento \u00e9 composta de itens dos tipos A (certo ou errado), B (resposta num\u00e9rica), C (m\u00faltipla escolha) e D (respostas discursivas). A prova de reda\u00e7\u00e3o dever\u00e1 ter 30 linhas, no m\u00e1ximo.<\/p>\n<p>A prova da terceira etapa do PAS ser\u00e1 realizada no dia 16 de dezembro. Os locais e hor\u00e1rio da prova ser\u00e3o disponibilizados para consulta na data prov\u00e1vel de 10 de dezembro, no site do Cespe\/UnB. Os candidatos da terceira etapa concorrem a 2.092 vagas, das quais 305 s\u00e3o reservadas ao Sistema de Cotas para estudantes que cursaram o ensino m\u00e9dio integralmente em escolas p\u00fablicas.<\/p>\n<p>CONTATO<br \/>\nOutras informa\u00e7\u00f5es no\u00a0site\u00a0<a href=\"http:\/\/www.cespe.unb.br\/pas\" target=\"_blank\">www.cespe.unb.br\/pas<\/a>\u00a0ou na Central de Atendimento do Cespe\/UnB, de segunda a sexta, das 9h \u00e0s 19h \u2013 Universidade de Bras\u00edlia (UnB) \u2013 Campus Universit\u00e1rio Darcy Ribeiro, Sede do CESPE\/UnB \u2013 telefone (61) 3448-0100.<\/p>\n","protected":false},"excerpt":{"rendered":"<p>O Cespe\/UnB registrou 27.760 inscritos para a primeira etapa do Programa de Avalia\u00e7\u00e3o Seriada (PAS) da Universidade de Bras\u00edlia (UnB). A segunda etapa conta com 21.096 inscritos. Os candidatos participam das provas no pr\u00f3ximo fim de semana, respectivamente, nos dias 1\u00ba e 2 de dezembro. A consulta aos locais e hor\u00e1rio das provas pode ser [&hellip;]<\/p>\n","protected":false},"author":3,"featured_media":28957,"comment_status":"open","ping_status":"closed","sticky":false,"template":"","format":"standard","meta":{"_genesis_hide_title":false,"_genesis_hide_breadcrumbs":false,"_genesis_hide_singular_image":false,"_genesis_hide_footer_widgets":false,"_genesis_custom_body_class":"","_genesis_custom_post_class":"","_genesis_layout":"","_jetpack_memberships_contains_paid_content":false,"footnotes":""},"categories":[22],"tags":[],"class_list":{"0":"post-41552","1":"post","2":"type-post","3":"status-publish","4":"format-standard","5":"has-post-thumbnail","7":"category-brasil","8":"entry","9":"gs-1","10":"gs-odd","11":"gs-even","12":"gs-featured-content-entry"},"jetpack_featured_media_url":"https:\/\/www.redenoticia.com.br\/noticia\/imagens\/concurso-vagas-edital.jpg","jetpack_sharing_enabled":true,"jetpack_likes_enabled":true,"_links":{"self":[{"href":"https:\/\/www.redenoticia.com.br\/noticia\/wp-json\/wp\/v2\/posts\/41552","targetHints":{"allow":["GET"]}}],"collection":[{"href":"https:\/\/www.redenoticia.com.br\/noticia\/wp-json\/wp\/v2\/posts"}],"about":[{"href":"https:\/\/www.redenoticia.com.br\/noticia\/wp-json\/wp\/v2\/types\/post"}],"author":[{"embeddable":true,"href":"https:\/\/www.redenoticia.com.br\/noticia\/wp-json\/wp\/v2\/users\/3"}],"replies":[{"embeddable":true,"href":"https:\/\/www.redenoticia.com.br\/noticia\/wp-json\/wp\/v2\/comments?post=41552"}],"version-history":[{"count":0,"href":"https:\/\/www.redenoticia.com.br\/noticia\/wp-json\/wp\/v2\/posts\/41552\/revisions"}],"wp:featuredmedia":[{"embeddable":true,"href":"https:\/\/www.redenoticia.com.br\/noticia\/wp-json\/wp\/v2\/media\/28957"}],"wp:attachment":[{"href":"https:\/\/www.redenoticia.com.br\/noticia\/wp-json\/wp\/v2\/media?parent=41552"}],"wp:term":[{"taxonomy":"category","embeddable":true,"href":"https:\/\/www.redenoticia.com.br\/noticia\/wp-json\/wp\/v2\/categories?post=41552"},{"taxonomy":"post_tag","embeddable":true,"href":"https:\/\/www.redenoticia.com.br\/noticia\/wp-json\/wp\/v2\/tags?post=41552"}],"curies":[{"name":"wp","href":"https:\/\/api.w.org\/{rel}","templated":true}]}}