{"id":41542,"date":"2012-11-28T10:38:18","date_gmt":"2012-11-28T12:38:18","guid":{"rendered":"http:\/\/www.redenoticia.com.br\/noticia\/?p=41542"},"modified":"2012-11-28T18:41:07","modified_gmt":"2012-11-28T20:41:07","slug":"a-fundacao-pro-sangue-precisa-de-doacoes","status":"publish","type":"post","link":"https:\/\/www.redenoticia.com.br\/noticia\/2012\/a-fundacao-pro-sangue-precisa-de-doacoes\/41542","title":{"rendered":"A Funda\u00e7\u00e3o Pr\u00f3-Sangue precisa de doa\u00e7\u00f5es"},"content":{"rendered":"<p>Colabore com quem precisa de sangue para se recuperar. A Funda\u00e7\u00e3o Pr\u00f3-Sangue exibe em seu site o n\u00edvel do estoque e apresenta alerta para o sangue do tipo A-, al\u00e9m de registrar n\u00edvel cr\u00edtico nos tipos sangu\u00edneos O+, O- e B-.<\/p>\n<p>Aproveite para conhecer aqui como funcionam as doa\u00e7\u00f5es, de quem pode doar para quem. Para doar sangue basta estar em boas condi\u00e7\u00f5es de sa\u00fade, ir alimentado, ter entre 16 e 67 anos, pesar mais de 50 kg e levar documento de identidade original com foto. \u00c9 bom tamb\u00e9m evitar alimentos gordurosos nas quatro horas anteriores e bebidas alco\u00f3licas 12 horas antes.<\/p>\n<p>Para obter mais informa\u00e7\u00f5es sobre como doar, ligue para o Al\u00f4 Pr\u00f3-Sangue (0800 55 03000). Veja os postos de coleta e hor\u00e1rios de funcionamento.<\/p>\n<p>Do Portal do Governo do Estado<\/p>\n<p>Postos de coleta<\/p>\n<p>Posto Cl\u00ednicas<br \/>\nAv. Dr. En\u00e9as Carvalho de Aguiar, 155 1\u00ba andar &#8211; Cerqueira C\u00e9sar &#8211; S\u00e3o Paulo<br \/>\nDe segunda-feira a sexta-feira, das 7 \u00e0s 19h<br \/>\nS\u00e1bados e feriados, das 8 \u00e0s 18h<br \/>\nDomingos, 2\u00ba, 4\u00ba e 5\u00ba domingos do m\u00eas, das 8 \u00e0s 18h<br \/>\nEstacionamento gratuito para carros, por at\u00e9 duas horas &#8211; Garagem Subterr\u00e2nea Cl\u00ednicas<br \/>\n(exceto para carros com sistema Sem Parar\/Via F\u00e1cil); para motos, ligue para o Al\u00f4 Pr\u00f3-Sangue<\/p>\n<p>Posto Dante Pazzanese<br \/>\nAv. Dr. Dante Pazzanese, 500 &#8211; Ibirapuera &#8211; S\u00e3o Paulo<br \/>\nDe segunda a sexta, das 8 \u00e0s 17h<br \/>\nS\u00e1bados, das 8 \u00e0s 16h<br \/>\nFechado aos domingos e feriados<\/p>\n<p>Posto Regional de Osasco<br \/>\nRua Ari Barroso, 355 &#8211; Presidente Altino &#8211; Osasco<br \/>\nDe segunda a sexta, das 8 \u00e0s 17h<br \/>\nS\u00e1bados, 1\u00ba e 3\u00ba de cada m\u00eas, das 8 \u00e0s 16h; 5\u00ba s\u00e1bado de dezembro, das 8 \u00e0s 16h<br \/>\nFechado aos domingos e feriados<\/p>\n<p>Posto Barueri<br \/>\nR. Angela Mirella, 354 T\u00e9rreo &#8211; Jd. Barueri &#8211; Barueri<br \/>\n* pr\u00f3ximo \u00e0 Av. Sebasti\u00e3o Davino dos Reis<br \/>\nDe segunda a sexta, das 8 \u00e0s 16h<br \/>\nFechado aos s\u00e1bados, domingos e feriados<\/p>\n<p>Posto Mandaqui<br \/>\nR. Volunt\u00e1rios da P\u00e1tria, 4227 &#8211; Mandaqui &#8211; S\u00e3o Paulo<br \/>\nDe segunda a sexta, das 12 \u00e0s 18h<br \/>\nS\u00e1bados, 2\u00ba e 4\u00ba de cada m\u00eas, das 8 \u00e0s 16h; 5\u00ba s\u00e1bado de setembro, das 8 \u00e0s 16h<br \/>\nFechado aos domingos e feriados<\/p>\n<p>Posto Pedreira<br \/>\nR. Jo\u00e3o Francisco de Moura, 251 &#8211; Jd. Campo Grande &#8211; S\u00e3o Paulo<br \/>\nDe segunda a s\u00e1bado, das 7h30 \u00e0s 12h30<br \/>\nFechado aos domingos e feriados<\/p>\n","protected":false},"excerpt":{"rendered":"<p>Colabore com quem precisa de sangue para se recuperar. A Funda\u00e7\u00e3o Pr\u00f3-Sangue exibe em seu site o n\u00edvel do estoque e apresenta alerta para o sangue do tipo A-, al\u00e9m de registrar n\u00edvel cr\u00edtico nos tipos sangu\u00edneos O+, O- e B-. Aproveite para conhecer aqui como funcionam as doa\u00e7\u00f5es, de quem pode doar para quem. [&hellip;]<\/p>\n","protected":false},"author":3,"featured_media":18520,"comment_status":"open","ping_status":"closed","sticky":false,"template":"","format":"standard","meta":{"_genesis_hide_title":false,"_genesis_hide_breadcrumbs":false,"_genesis_hide_singular_image":false,"_genesis_hide_footer_widgets":false,"_genesis_custom_body_class":"","_genesis_custom_post_class":"","_genesis_layout":"","_jetpack_memberships_contains_paid_content":false,"footnotes":""},"categories":[22],"tags":[],"class_list":{"0":"post-41542","1":"post","2":"type-post","3":"status-publish","4":"format-standard","5":"has-post-thumbnail","7":"category-brasil","8":"entry","9":"gs-1","10":"gs-odd","11":"gs-even","12":"gs-featured-content-entry"},"jetpack_featured_media_url":"https:\/\/www.redenoticia.com.br\/noticia\/imagens\/doa\u00e7\u00e3o-de-sangue.jpg","jetpack_sharing_enabled":true,"jetpack_likes_enabled":true,"_links":{"self":[{"href":"https:\/\/www.redenoticia.com.br\/noticia\/wp-json\/wp\/v2\/posts\/41542","targetHints":{"allow":["GET"]}}],"collection":[{"href":"https:\/\/www.redenoticia.com.br\/noticia\/wp-json\/wp\/v2\/posts"}],"about":[{"href":"https:\/\/www.redenoticia.com.br\/noticia\/wp-json\/wp\/v2\/types\/post"}],"author":[{"embeddable":true,"href":"https:\/\/www.redenoticia.com.br\/noticia\/wp-json\/wp\/v2\/users\/3"}],"replies":[{"embeddable":true,"href":"https:\/\/www.redenoticia.com.br\/noticia\/wp-json\/wp\/v2\/comments?post=41542"}],"version-history":[{"count":0,"href":"https:\/\/www.redenoticia.com.br\/noticia\/wp-json\/wp\/v2\/posts\/41542\/revisions"}],"wp:featuredmedia":[{"embeddable":true,"href":"https:\/\/www.redenoticia.com.br\/noticia\/wp-json\/wp\/v2\/media\/18520"}],"wp:attachment":[{"href":"https:\/\/www.redenoticia.com.br\/noticia\/wp-json\/wp\/v2\/media?parent=41542"}],"wp:term":[{"taxonomy":"category","embeddable":true,"href":"https:\/\/www.redenoticia.com.br\/noticia\/wp-json\/wp\/v2\/categories?post=41542"},{"taxonomy":"post_tag","embeddable":true,"href":"https:\/\/www.redenoticia.com.br\/noticia\/wp-json\/wp\/v2\/tags?post=41542"}],"curies":[{"name":"wp","href":"https:\/\/api.w.org\/{rel}","templated":true}]}}