{"id":41537,"date":"2012-11-28T18:30:09","date_gmt":"2012-11-28T20:30:09","guid":{"rendered":"http:\/\/www.redenoticia.com.br\/noticia\/?p=41537"},"modified":"2012-11-28T18:30:09","modified_gmt":"2012-11-28T20:30:09","slug":"gabarito-oficial-do-enade","status":"publish","type":"post","link":"https:\/\/www.redenoticia.com.br\/noticia\/2012\/gabarito-oficial-do-enade\/41537","title":{"rendered":"Gabarito oficial do Enade"},"content":{"rendered":"<p>Bras\u00edlia \u2013 O Instituto Nacional de Pesquisas Educacionais An\u00edsio Teixeira \u00a0(<a href=\"http:\/\/portal.inep.gov.br\/web\/guest\/provas-e-gabaritos-2012\">Inep<\/a>)\u00a0divulgou hoje (28) o <em><strong>gabarito oficial<\/strong><\/em> do Exame Nacional de Desempenho de Estudantes (<em><strong>Enade<\/strong><\/em>). As provas foram realizadas no \u00faltimo domingo (25). O resultado final do exame ser\u00e1 divulgado at\u00e9 25 de dezembro.<\/p>\n<p>Neste ano, foram avaliados os cursos de administra\u00e7\u00e3o, ci\u00eancias cont\u00e1beis, ci\u00eancias econ\u00f4micas, comunica\u00e7\u00e3o social, design, direito, psicologia, rela\u00e7\u00f5es internacionais, secretariado executivo e turismo. Os cursos superiores de tecnologia das \u00e1reas de gest\u00e3o comercial, gest\u00e3o de recursos humanos, gest\u00e3o financeira, log\u00edstica, marketing e processos gerenciais tamb\u00e9m foram avaliados.<\/p>\n<p>Dos 587.351 alunos que se inscreveram na edi\u00e7\u00e3o do Enade de 2012, 20,1% n\u00e3o compareceram ao exame (118.056). Em todo o pa\u00eds, 469.478 estudantes concluintes de cursos superiores de gradua\u00e7\u00e3o ou tecnol\u00f3gicos fizeram a prova.<\/p>\n<p>Em portaria divulgada hoje, o Inep estabeleceu que os estudantes t\u00eam at\u00e9 11 de janeiro de 2013 para apresentar o pedido de dispensa da prova, que \u00e9 obrigat\u00f3ria para obten\u00e7\u00e3o do diploma. Na primeira ocasi\u00e3o, o estudante faz a justificativa diretamente em sua institui\u00e7\u00e3o de ensino. Caso seu recurso seja negado, poder\u00e1 recorrer ao Inep de 12 a 31 de janeiro do pr\u00f3ximo ano.<\/p>\n<p>O exame \u00e9 um instrumento do Minist\u00e9rio da Educa\u00e7\u00e3o para avaliar a qualidade dos cursos e institui\u00e7\u00f5es de ensino p\u00fablicas e particulares de todo o pa\u00eds.<\/p>\n<p>Heloisa Cristaldo<br \/>\nRep\u00f3rter da Ag\u00eancia Brasil<br \/>\nEdi\u00e7\u00e3o: N\u00e1dia Franco<\/p>\n","protected":false},"excerpt":{"rendered":"<p>Bras\u00edlia \u2013 O Instituto Nacional de Pesquisas Educacionais An\u00edsio Teixeira \u00a0(Inep)\u00a0divulgou hoje (28) o gabarito oficial do Exame Nacional de Desempenho de Estudantes (Enade). As provas foram realizadas no \u00faltimo domingo (25). O resultado final do exame ser\u00e1 divulgado at\u00e9 25 de dezembro. Neste ano, foram avaliados os cursos de administra\u00e7\u00e3o, ci\u00eancias cont\u00e1beis, ci\u00eancias econ\u00f4micas, [&hellip;]<\/p>\n","protected":false},"author":3,"featured_media":28974,"comment_status":"open","ping_status":"closed","sticky":false,"template":"","format":"standard","meta":{"_genesis_hide_title":false,"_genesis_hide_breadcrumbs":false,"_genesis_hide_singular_image":false,"_genesis_hide_footer_widgets":false,"_genesis_custom_body_class":"","_genesis_custom_post_class":"","_genesis_layout":"","_jetpack_memberships_contains_paid_content":false,"footnotes":""},"categories":[22],"tags":[],"class_list":{"0":"post-41537","1":"post","2":"type-post","3":"status-publish","4":"format-standard","5":"has-post-thumbnail","7":"category-brasil","8":"entry","9":"gs-1","10":"gs-odd","11":"gs-even","12":"gs-featured-content-entry"},"jetpack_featured_media_url":"https:\/\/www.redenoticia.com.br\/noticia\/imagens\/concurso-prova-gabarito.jpg","jetpack_sharing_enabled":true,"jetpack_likes_enabled":true,"_links":{"self":[{"href":"https:\/\/www.redenoticia.com.br\/noticia\/wp-json\/wp\/v2\/posts\/41537","targetHints":{"allow":["GET"]}}],"collection":[{"href":"https:\/\/www.redenoticia.com.br\/noticia\/wp-json\/wp\/v2\/posts"}],"about":[{"href":"https:\/\/www.redenoticia.com.br\/noticia\/wp-json\/wp\/v2\/types\/post"}],"author":[{"embeddable":true,"href":"https:\/\/www.redenoticia.com.br\/noticia\/wp-json\/wp\/v2\/users\/3"}],"replies":[{"embeddable":true,"href":"https:\/\/www.redenoticia.com.br\/noticia\/wp-json\/wp\/v2\/comments?post=41537"}],"version-history":[{"count":0,"href":"https:\/\/www.redenoticia.com.br\/noticia\/wp-json\/wp\/v2\/posts\/41537\/revisions"}],"wp:featuredmedia":[{"embeddable":true,"href":"https:\/\/www.redenoticia.com.br\/noticia\/wp-json\/wp\/v2\/media\/28974"}],"wp:attachment":[{"href":"https:\/\/www.redenoticia.com.br\/noticia\/wp-json\/wp\/v2\/media?parent=41537"}],"wp:term":[{"taxonomy":"category","embeddable":true,"href":"https:\/\/www.redenoticia.com.br\/noticia\/wp-json\/wp\/v2\/categories?post=41537"},{"taxonomy":"post_tag","embeddable":true,"href":"https:\/\/www.redenoticia.com.br\/noticia\/wp-json\/wp\/v2\/tags?post=41537"}],"curies":[{"name":"wp","href":"https:\/\/api.w.org\/{rel}","templated":true}]}}