{"id":41498,"date":"2012-11-26T09:11:02","date_gmt":"2012-11-26T11:11:02","guid":{"rendered":"http:\/\/www.redenoticia.com.br\/noticia\/?p=41498"},"modified":"2012-11-26T09:11:02","modified_gmt":"2012-11-26T11:11:02","slug":"presepio-com-reliquias-europeias-em-exposicao-no-rio","status":"publish","type":"post","link":"https:\/\/www.redenoticia.com.br\/noticia\/2012\/presepio-com-reliquias-europeias-em-exposicao-no-rio\/41498","title":{"rendered":"Pres\u00e9pio com rel\u00edquias europeias em exposi\u00e7\u00e3o no Rio"},"content":{"rendered":"<p>Rio de Janeiro \u2013 O p\u00fablico do Rio de Janeiro pode conferir, at\u00e9 o dia 23 de dezembro, o maior <em><strong>pres\u00e9pio<\/strong><\/em> da cidade, montado com miniaturas do s\u00e9culo 18 e 19 que representam a cidade de N\u00e1poles. Ele est\u00e1 exposto no Centro Cultural da Funda\u00e7\u00e3o Cesgranrio, no Rio Comprido, zona norte do Rio.<\/p>\n<p>A maquete de 90 metros quadrados conta com 3.500 pe\u00e7as das quais 80% s\u00e3o em terracota. Na grande maioria, as miniaturas vieram da It\u00e1lia. De acordo com o produtor cultural do espa\u00e7o, Anton Vasconcellos, as rel\u00edquias foram compradas separadamente e a exposi\u00e7\u00e3o atual brinca com a hist\u00f3ria do Natal.<\/p>\n<p>\u201cO pres\u00e9pio mistura N\u00e1poles do s\u00e9culo 18 com Jerusal\u00e9m na \u00e9poca do nascimento do menino Jesus. Tem toda uma historinha na montagem desse pres\u00e9pio: \u00e9 um garoto que sonha, na \u00e9poca do Natal, que o nascimento do Menino Jesus est\u00e1 sendo na cidade dele\u201d.<\/p>\n<p>Dessa forma, o pres\u00e9pio n\u00e3o retrata apenas o tradicional est\u00e1bulo com a manjedoura, e sim toda a cidade de N\u00e1poles em festa, com dan\u00e7a e comidas t\u00edpicas da regi\u00e3o italiana.<\/p>\n<p>\u201cAlguns bonecos s\u00e3o articulados, \u00e9 uma festa, at\u00e9 para fazer uma alus\u00e3o de que o nascimento de Cristo \u00e9 uma festa, \u00e9 uma ocasi\u00e3o, se n\u00e3o a mais, das mais alegres que j\u00e1 aconteceu. Ent\u00e3o, tem toda essa mistura, tem essa brincadeira, tem o pal\u00e1cio de Herodes ao fundo, tem o povo dan\u00e7ando, o povo fazendo festa\u201d, explica o produtor.<\/p>\n<p>O chamado pres\u00e9pio napolitano \u00e9 montado na cidade desde 1994, com novas pe\u00e7as agregadas a cada ano. Ele ficava na Casa de Arte e Cultura Julieta de Serpa, no Flamengo, antes de ocupar o espa\u00e7o do antigo Le Buffet, no pr\u00e9dio anexo ao campus da Funda\u00e7\u00e3o Cesgranrio, onde \u00e9 montado desde o ano passado.<\/p>\n<p>No local de exposi\u00e7\u00e3o tamb\u00e9m podem ser vistas a maquete da Cidade de Neve, que representa uma cidade americana no Natal, e a Cidade do Papai Noel, com o bom velhinho em diversas situa\u00e7\u00f5es. A expectativa dos organizadores \u00e9 receber cerca de 100 pessoas por dia.<\/p>\n<p>A visita\u00e7\u00e3o \u00e9 de quarta-feira a domingo, das 10h \u00e0s 18h. \u00c0s sextas-feiras, s\u00e1bados e domingos tamb\u00e9m \u00e9 encenado o espet\u00e1culo infantil O dia que o Papai Noel Foi Raptado. O ingresso \u00e9 1 quilo de alimento n\u00e3o-perec\u00edvel. Os produtos recolhidos ser\u00e3o doados para a Comunidade Emanuel, em Botafogo.<\/p>\n<p>Akemi Nitahara<br \/>\nRep\u00f3rter da Ag\u00eancia Brasil<br \/>\nEdi\u00e7\u00e3o: Davi Oliveira<\/p>\n","protected":false},"excerpt":{"rendered":"<p>Rio de Janeiro \u2013 O p\u00fablico do Rio de Janeiro pode conferir, at\u00e9 o dia 23 de dezembro, o maior pres\u00e9pio da cidade, montado com miniaturas do s\u00e9culo 18 e 19 que representam a cidade de N\u00e1poles. Ele est\u00e1 exposto no Centro Cultural da Funda\u00e7\u00e3o Cesgranrio, no Rio Comprido, zona norte do Rio. A maquete [&hellip;]<\/p>\n","protected":false},"author":3,"featured_media":32787,"comment_status":"open","ping_status":"closed","sticky":false,"template":"","format":"standard","meta":{"_genesis_hide_title":false,"_genesis_hide_breadcrumbs":false,"_genesis_hide_singular_image":false,"_genesis_hide_footer_widgets":false,"_genesis_custom_body_class":"","_genesis_custom_post_class":"","_genesis_layout":"","_jetpack_memberships_contains_paid_content":false,"footnotes":""},"categories":[22],"tags":[],"class_list":{"0":"post-41498","1":"post","2":"type-post","3":"status-publish","4":"format-standard","5":"has-post-thumbnail","7":"category-brasil","8":"entry","9":"gs-1","10":"gs-odd","11":"gs-even","12":"gs-featured-content-entry"},"jetpack_featured_media_url":"https:\/\/www.redenoticia.com.br\/noticia\/imagens\/mensagem-arvore-natal-ibirapuera.jpg","jetpack_sharing_enabled":true,"jetpack_likes_enabled":true,"_links":{"self":[{"href":"https:\/\/www.redenoticia.com.br\/noticia\/wp-json\/wp\/v2\/posts\/41498","targetHints":{"allow":["GET"]}}],"collection":[{"href":"https:\/\/www.redenoticia.com.br\/noticia\/wp-json\/wp\/v2\/posts"}],"about":[{"href":"https:\/\/www.redenoticia.com.br\/noticia\/wp-json\/wp\/v2\/types\/post"}],"author":[{"embeddable":true,"href":"https:\/\/www.redenoticia.com.br\/noticia\/wp-json\/wp\/v2\/users\/3"}],"replies":[{"embeddable":true,"href":"https:\/\/www.redenoticia.com.br\/noticia\/wp-json\/wp\/v2\/comments?post=41498"}],"version-history":[{"count":0,"href":"https:\/\/www.redenoticia.com.br\/noticia\/wp-json\/wp\/v2\/posts\/41498\/revisions"}],"wp:featuredmedia":[{"embeddable":true,"href":"https:\/\/www.redenoticia.com.br\/noticia\/wp-json\/wp\/v2\/media\/32787"}],"wp:attachment":[{"href":"https:\/\/www.redenoticia.com.br\/noticia\/wp-json\/wp\/v2\/media?parent=41498"}],"wp:term":[{"taxonomy":"category","embeddable":true,"href":"https:\/\/www.redenoticia.com.br\/noticia\/wp-json\/wp\/v2\/categories?post=41498"},{"taxonomy":"post_tag","embeddable":true,"href":"https:\/\/www.redenoticia.com.br\/noticia\/wp-json\/wp\/v2\/tags?post=41498"}],"curies":[{"name":"wp","href":"https:\/\/api.w.org\/{rel}","templated":true}]}}