{"id":41473,"date":"2012-11-22T09:38:53","date_gmt":"2012-11-22T11:38:53","guid":{"rendered":"http:\/\/www.redenoticia.com.br\/noticia\/?p=41473"},"modified":"2012-11-22T16:41:53","modified_gmt":"2012-11-22T18:41:53","slug":"brasil-e-china-intensificam-relacao-na-area-educacional","status":"publish","type":"post","link":"https:\/\/www.redenoticia.com.br\/noticia\/2012\/brasil-e-china-intensificam-relacao-na-area-educacional\/41473","title":{"rendered":"Brasil e China intensificam rela\u00e7\u00e3o na \u00e1rea educacional"},"content":{"rendered":"<p>\u201cO Minist\u00e9rio da Educa\u00e7\u00e3o vai se empenhar muito para colocar a parceria educacional com a China no tamanho das rela\u00e7\u00f5es comerciais e econ\u00f4micas que j\u00e1 mantemos.\u201d Com estas palavras o ministro da Educa\u00e7\u00e3o, Aloizio Mercadante, abriu o semin\u00e1rio internacional Di\u00e1logo <em><strong>Brasil-China sobre Educa\u00e7\u00e3o<\/strong><\/em>, que reuniu cerca de 400 pessoas no audit\u00f3rio do Memorial da Am\u00e9rica Latina, em S\u00e3o Paulo, na manh\u00e3 desta quarta-feira, 21.<\/p>\n<p>O encontro teve a participa\u00e7\u00e3o de autoridades do Scholarship Council da China, Centro Brasil China para Mudan\u00e7a Clim\u00e1tica, Departamento Nacional de Exames do Minist\u00e9rio da Educa\u00e7\u00e3o da China, Instituto Nacional de Estudos e Pesquisas Educacionais (Inep), Minist\u00e9rio da Educa\u00e7\u00e3o, Universidade Estadual Paulista J\u00falio de Mesquita Filho, Centro de Estudos Brasil China (Coppe-UFRJ) e Instituto Conf\u00facio da PUC-SP, al\u00e9m de reitores de universidades brasileiras e chinesas.<\/p>\n<p>O ministro afirmou acreditar na educa\u00e7\u00e3o como principal ponte de diplomacia entre dois povos, frisando a import\u00e2ncia de se consolidar uma parceria j\u00e1 hist\u00f3rica entre os dois pa\u00edses. &#8220;\u00c9 fundamental o interc\u00e2mbio acad\u00eamico e cultural de estudantes, tanto os daqui como os vindos de l\u00e1, de maneira t\u00e3o estrat\u00e9gica como nas parcerias que j\u00e1 mantemos com os chineses no ramo da nanotecnologia, na agricultura, na inova\u00e7\u00e3o&#8221;, defendeu.<\/p>\n<p>Nesta quarta-feira, os integrantes do semin\u00e1rio participaram de pain\u00e9is de discuss\u00e3o sobre temas como a educa\u00e7\u00e3o na China e no Brasil, reforma da educa\u00e7\u00e3o superior chinesa e o exame de ingresso \u00e0s universidades, al\u00e9m do desafio do ensino de l\u00ednguas e a educa\u00e7\u00e3o superior e tecnol\u00f3gica nos dois pa\u00edses. Na quinta-feira, 22, quase 200 representantes de mais de 40 universidades chinesas receberam visitantes para apresentar seus cursos e programas de gradua\u00e7\u00e3o e p\u00f3s-gradua\u00e7\u00e3o. O objetivo \u00e9 atrair estudantes universit\u00e1rios brasileiros para as melhores universidades da China.<\/p>\n<p>Acordo\u00a0\u2013 As rela\u00e7\u00f5es entre os dois pa\u00edses est\u00e3o fundamentadas no Acordo de Coopera\u00e7\u00e3o Cultural e Educacional, assinado em 1985, e pela Comiss\u00e3o Sino-Brasileira de Alto N\u00edvel de Concerta\u00e7\u00e3o e Coopera\u00e7\u00e3o (Cosban), estabelecida em 2004. A Cosban \u00e9 o principal mecanismo de gest\u00e3o da rela\u00e7\u00e3o bilateral.<\/p>\n<p>Em 2012, os minist\u00e9rios da educa\u00e7\u00e3o do Brasil e da China assinaram ainda memorando de entendimento no \u00e2mbito do programa Ci\u00eancia sem Fronteiras, que prev\u00ea 5 mil vagas para interc\u00e2mbio de estudantes chineses e brasileiros em cursos de gradua\u00e7\u00e3o, p\u00f3s-gradua\u00e7\u00e3o e como pesquisadores visitantes. O Plano Decenal Brasil-China (2012-2021), assinado pela presidenta Dilma Rousseff e pelo primeiro ministro Wen Jiabao, situa a \u00e1rea educacional como tema central da coopera\u00e7\u00e3o bilateral.<\/p>\n<p><em>Assessoria de Comunica\u00e7\u00e3o Social<\/em><\/p>\n","protected":false},"excerpt":{"rendered":"<p>\u201cO Minist\u00e9rio da Educa\u00e7\u00e3o vai se empenhar muito para colocar a parceria educacional com a China no tamanho das rela\u00e7\u00f5es comerciais e econ\u00f4micas que j\u00e1 mantemos.\u201d Com estas palavras o ministro da Educa\u00e7\u00e3o, Aloizio Mercadante, abriu o semin\u00e1rio internacional Di\u00e1logo Brasil-China sobre Educa\u00e7\u00e3o, que reuniu cerca de 400 pessoas no audit\u00f3rio do Memorial da Am\u00e9rica [&hellip;]<\/p>\n","protected":false},"author":3,"featured_media":36246,"comment_status":"open","ping_status":"closed","sticky":false,"template":"","format":"standard","meta":{"_genesis_hide_title":false,"_genesis_hide_breadcrumbs":false,"_genesis_hide_singular_image":false,"_genesis_hide_footer_widgets":false,"_genesis_custom_body_class":"","_genesis_custom_post_class":"","_genesis_layout":"","_jetpack_memberships_contains_paid_content":false,"footnotes":""},"categories":[22],"tags":[],"class_list":{"0":"post-41473","1":"post","2":"type-post","3":"status-publish","4":"format-standard","5":"has-post-thumbnail","7":"category-brasil","8":"entry","9":"gs-1","10":"gs-odd","11":"gs-even","12":"gs-featured-content-entry"},"jetpack_featured_media_url":"https:\/\/www.redenoticia.com.br\/noticia\/imagens\/professor-a.jpg","jetpack_sharing_enabled":true,"jetpack_likes_enabled":true,"_links":{"self":[{"href":"https:\/\/www.redenoticia.com.br\/noticia\/wp-json\/wp\/v2\/posts\/41473","targetHints":{"allow":["GET"]}}],"collection":[{"href":"https:\/\/www.redenoticia.com.br\/noticia\/wp-json\/wp\/v2\/posts"}],"about":[{"href":"https:\/\/www.redenoticia.com.br\/noticia\/wp-json\/wp\/v2\/types\/post"}],"author":[{"embeddable":true,"href":"https:\/\/www.redenoticia.com.br\/noticia\/wp-json\/wp\/v2\/users\/3"}],"replies":[{"embeddable":true,"href":"https:\/\/www.redenoticia.com.br\/noticia\/wp-json\/wp\/v2\/comments?post=41473"}],"version-history":[{"count":0,"href":"https:\/\/www.redenoticia.com.br\/noticia\/wp-json\/wp\/v2\/posts\/41473\/revisions"}],"wp:featuredmedia":[{"embeddable":true,"href":"https:\/\/www.redenoticia.com.br\/noticia\/wp-json\/wp\/v2\/media\/36246"}],"wp:attachment":[{"href":"https:\/\/www.redenoticia.com.br\/noticia\/wp-json\/wp\/v2\/media?parent=41473"}],"wp:term":[{"taxonomy":"category","embeddable":true,"href":"https:\/\/www.redenoticia.com.br\/noticia\/wp-json\/wp\/v2\/categories?post=41473"},{"taxonomy":"post_tag","embeddable":true,"href":"https:\/\/www.redenoticia.com.br\/noticia\/wp-json\/wp\/v2\/tags?post=41473"}],"curies":[{"name":"wp","href":"https:\/\/api.w.org\/{rel}","templated":true}]}}