{"id":41454,"date":"2012-11-21T15:49:53","date_gmt":"2012-11-21T17:49:53","guid":{"rendered":"http:\/\/www.redenoticia.com.br\/noticia\/?p=41454"},"modified":"2012-11-21T15:49:53","modified_gmt":"2012-11-21T17:49:53","slug":"cooperacao-internacional-em-pesquisa","status":"publish","type":"post","link":"https:\/\/www.redenoticia.com.br\/noticia\/2012\/cooperacao-internacional-em-pesquisa\/41454","title":{"rendered":"Coopera\u00e7\u00e3o internacional em pesquisa"},"content":{"rendered":"<p>Ag\u00eancia FAPESP \u2013 A Uni\u00e3o Europeia pretende investir em inova\u00e7\u00e3o para superar a crise financeira, promover o crescimento econ\u00f4mico, a cria\u00e7\u00e3o de empregos e a seguran\u00e7a social nesta d\u00e9cada. Por esse motivo, o bloco anunciou uma nova estrat\u00e9gia para <em><strong>coopera\u00e7\u00e3o internacional em pesquisa<\/strong><\/em> e desenvolvimento.<\/p>\n<p>Os planos para os pr\u00f3ximos anos e o novo mecanismo de financiamento que permitir\u00e1 coloc\u00e1-los em pr\u00e1tica \u2013 batizado de Horizon 2020 \u2013 foram apresentados pela chefe da unidade da Comiss\u00e3o Europeia para a Ci\u00eancia, Tecnologia e Inova\u00e7\u00e3o nas Am\u00e9ricas, Sigi Gruber, durante o \u201cFAPESP and European Union Seminar\u201d, realizado no dia 12 de novembro na sede da FAPESP.<\/p>\n<p>\u201cA Uni\u00e3o Europeia, assim como o Brasil, coloca muita \u00eanfase na import\u00e2ncia da inova\u00e7\u00e3o para estimular empregos e crescimento. Temos como meta para 2020 investir 3% de nosso Produto Interno Bruto (PIB) em pesquisa e desenvolvimento\u201d, disse Gruber.<\/p>\n<p>Ainda em fase de aprova\u00e7\u00e3o no Parlamento Europeu e no Conselho da Uni\u00e3o Europeia, o Horizon 2020 prev\u00ea investimento de 80 bilh\u00f5es de euros em pesquisa e desenvolvimento entre 2014 e 2020. O programa substituir\u00e1 o 7\u00ba Programa-Quadro (FP7), atual mecanismo de financiamento de pesquisas da Uni\u00e3o Europeia.<\/p>\n<p>Em vigor desde 2007, o FP7 tinha or\u00e7amento em torno de 50 bilh\u00f5es de euros para sete anos. \u201cUma das grandes novidades \u00e9 uma participa\u00e7\u00e3o mais forte da ind\u00fastria\u201d, disse Piero Venturi, conselheiro, chefe do setor de Ci\u00eancia e Tecnologia da Delega\u00e7\u00e3o da Uni\u00e3o Europeia no Brasil.<\/p>\n<p>O programa, acrescentou Venturi, busca ampliar a escala de coopera\u00e7\u00e3o internacional, mas com foco em pa\u00edses estrat\u00e9gicos como Brasil, \u00cdndia, China e R\u00fassia. Segundo dados da Comiss\u00e3o Europeia, os chamados BRICs (grupo formado por Brasil, R\u00fassia, \u00cdndia, China e \u00c1frica do Sul) dobraram sua participa\u00e7\u00e3o nos investimentos globais em pesquisa e desenvolvimento entre os anos 2000 e 2009. As economias emergentes, por\u00e9m, deixar\u00e3o de ter financiamento autom\u00e1tico dentro do programa Horizon 2020.<\/p>\n<p>\u201cConsideramos o Brasil um parceiro de mesmo n\u00edvel agora. Portanto, em vez de financiar a vinda de pesquisadores brasileiros para projetos europeus, queremos discutir com institui\u00e7\u00f5es parceiras no Brasil quais s\u00e3o os interesses comuns dentro de um programa de coopera\u00e7\u00e3o. Isso \u00e9 mais complexo, pois envolve investidores de ambos os pa\u00edses, mas acreditamos que seja a melhor estrat\u00e9gia\u201d, afirmou Venturi.<\/p>\n<p>\u201cO que estamos tentando negociar com parceiros-chave no Brasil, como a FAPESP, \u00e9 a possibilidade de eles financiarem automaticamente as institui\u00e7\u00f5es brasileiras \u2013 ou, no caso, paulistas \u2013 dentro dos projetos europeus\u201d, disse Leonor Collor, assessora do setor de Ci\u00eancia, Tecnologia e Inova\u00e7\u00e3o da Delega\u00e7\u00e3o da Uni\u00e3o Europeia no Brasil.<\/p>\n<p>O diretor cient\u00edfico da FAPESP, Carlos Henrique de Brito Cruz, ressaltou que a FAPESP est\u00e1 disposta a discutir programas de coopera\u00e7\u00e3o cient\u00edfica. \u201cNossa experi\u00eancia mostra que \u00e9 mais f\u00e1cil desenvolver colabora\u00e7\u00e3o no \u00e2mbito da ci\u00eancia b\u00e1sica. Acredito que \u00e9 um primeiro passo para construir confian\u00e7a e, a partir disso, podermos passar para projetos mais aplicados\u201d, disse.<\/p>\n<p>Desafios sociais<\/p>\n<p>Gruber destacou que a nova estrat\u00e9gia da Uni\u00e3o Europeia para coopera\u00e7\u00e3o internacional em pesquisa e desenvolvimento tem como foco os desafios sociais globais, como mudan\u00e7as clim\u00e1ticas, mobilidade e desenvolvimento de meios de transporte mais sustent\u00e1veis, maior acessibilidade a energias renov\u00e1veis, seguran\u00e7a alimentar e formas de lidar com os desafios de uma popula\u00e7\u00e3o que est\u00e1 envelhecendo.<\/p>\n<p>A proposta do Horizon 2020 para ajudar a superar esses desafios \u00e9 criar uma ponte entre a pesquisa e o mercado, ajudando empresas inovadoras a transformar avan\u00e7os tecnol\u00f3gicos em produtos vi\u00e1veis. Essa abordagem incluir\u00e1 a cria\u00e7\u00e3o de parcerias entre os Estados-Membros da Uni\u00e3o Europeia e o setor privado para reunir os recursos necess\u00e1rios.<\/p>\n<p>Al\u00e9m disso, segundo Gruber, o novo mecanismo de financiamento dever\u00e1 ser menos burocr\u00e1tico em rela\u00e7\u00e3o ao FP7, facilitando o acesso de pesquisadores europeus e de parceiros internacionais. \u201cQueremos fazer da Europa um local atraente para a pesquisa e inova\u00e7\u00e3o e aumentar nossa competitividade industrial\u201d, disse.<\/p>\n<p>Mais informa\u00e7\u00f5es sobre o Horizon 2020 est\u00e3o dispon\u00edveis em: <a href=\"http:\/\/ec.europa.eu\/research\/horizon2020\/index_en.cfm?pg=home&amp;video=none\" target=\"_blank\">ec.europa.eu\/research\/horizon2020\/index_en.cfm?pg=home&amp;video=none\u00a0<\/a><\/p>\n<p>Por Karina Toledo<\/p>\n","protected":false},"excerpt":{"rendered":"<p>Ag\u00eancia FAPESP \u2013 A Uni\u00e3o Europeia pretende investir em inova\u00e7\u00e3o para superar a crise financeira, promover o crescimento econ\u00f4mico, a cria\u00e7\u00e3o de empregos e a seguran\u00e7a social nesta d\u00e9cada. Por esse motivo, o bloco anunciou uma nova estrat\u00e9gia para coopera\u00e7\u00e3o internacional em pesquisa e desenvolvimento. Os planos para os pr\u00f3ximos anos e o novo mecanismo [&hellip;]<\/p>\n","protected":false},"author":3,"featured_media":34767,"comment_status":"open","ping_status":"closed","sticky":false,"template":"","format":"standard","meta":{"_genesis_hide_title":false,"_genesis_hide_breadcrumbs":false,"_genesis_hide_singular_image":false,"_genesis_hide_footer_widgets":false,"_genesis_custom_body_class":"","_genesis_custom_post_class":"","_genesis_layout":"","_jetpack_memberships_contains_paid_content":false,"footnotes":""},"categories":[22],"tags":[],"class_list":{"0":"post-41454","1":"post","2":"type-post","3":"status-publish","4":"format-standard","5":"has-post-thumbnail","7":"category-brasil","8":"entry","9":"gs-1","10":"gs-odd","11":"gs-even","12":"gs-featured-content-entry"},"jetpack_featured_media_url":"https:\/\/www.redenoticia.com.br\/noticia\/imagens\/bolsa-de-estudo.jpg","jetpack_sharing_enabled":true,"jetpack_likes_enabled":true,"_links":{"self":[{"href":"https:\/\/www.redenoticia.com.br\/noticia\/wp-json\/wp\/v2\/posts\/41454","targetHints":{"allow":["GET"]}}],"collection":[{"href":"https:\/\/www.redenoticia.com.br\/noticia\/wp-json\/wp\/v2\/posts"}],"about":[{"href":"https:\/\/www.redenoticia.com.br\/noticia\/wp-json\/wp\/v2\/types\/post"}],"author":[{"embeddable":true,"href":"https:\/\/www.redenoticia.com.br\/noticia\/wp-json\/wp\/v2\/users\/3"}],"replies":[{"embeddable":true,"href":"https:\/\/www.redenoticia.com.br\/noticia\/wp-json\/wp\/v2\/comments?post=41454"}],"version-history":[{"count":0,"href":"https:\/\/www.redenoticia.com.br\/noticia\/wp-json\/wp\/v2\/posts\/41454\/revisions"}],"wp:featuredmedia":[{"embeddable":true,"href":"https:\/\/www.redenoticia.com.br\/noticia\/wp-json\/wp\/v2\/media\/34767"}],"wp:attachment":[{"href":"https:\/\/www.redenoticia.com.br\/noticia\/wp-json\/wp\/v2\/media?parent=41454"}],"wp:term":[{"taxonomy":"category","embeddable":true,"href":"https:\/\/www.redenoticia.com.br\/noticia\/wp-json\/wp\/v2\/categories?post=41454"},{"taxonomy":"post_tag","embeddable":true,"href":"https:\/\/www.redenoticia.com.br\/noticia\/wp-json\/wp\/v2\/tags?post=41454"}],"curies":[{"name":"wp","href":"https:\/\/api.w.org\/{rel}","templated":true}]}}