{"id":41446,"date":"2012-11-20T16:08:14","date_gmt":"2012-11-20T18:08:14","guid":{"rendered":"http:\/\/www.redenoticia.com.br\/noticia\/?p=41446"},"modified":"2012-11-20T16:08:14","modified_gmt":"2012-11-20T18:08:14","slug":"brasil-e-holanda-reafirmaram-parceria-na-area-da-educacao","status":"publish","type":"post","link":"https:\/\/www.redenoticia.com.br\/noticia\/2012\/brasil-e-holanda-reafirmaram-parceria-na-area-da-educacao\/41446","title":{"rendered":"Brasil e Holanda reafirmaram parceria na \u00e1rea da educa\u00e7\u00e3o"},"content":{"rendered":"<p><em><strong>Brasil e Holanda<\/strong> <\/em>reafirmaram nesta segunda-feira, 19, parceria na \u00e1rea da <em><strong>educa\u00e7\u00e3o<\/strong><\/em> que teve in\u00edcio em 2005. Em visita \u00e0 Coordena\u00e7\u00e3o de Aperfei\u00e7oamento de Pessoal de N\u00edvel Superior (Capes), o pr\u00edncipe da Holanda, Willem-Alexander, e a princesa M\u00e1xima Zorreguieta trataram da coopera\u00e7\u00e3o educacional e cient\u00edfica entre os pa\u00edses, com destaque para o programa Ci\u00eancia sem Fronteiras.<\/p>\n<p>\u201cA coopera\u00e7\u00e3o entre o Brasil e os Pa\u00edses Baixos \u00e9 antiga, mas, a partir desse encontro, ser\u00e1 aprofundada ainda mais\u201d, afirmou o ministro da Educa\u00e7\u00e3o em exerc\u00edcio, Jos\u00e9 Henrique Paim. A solenidade fez parte do Semin\u00e1rio Internacional Brasil-Holanda, que teve a participa\u00e7\u00e3o de representantes da Capes, do Conselho Nacional de Desenvolvimento Cient\u00edfico e Tecnol\u00f3gico (CNPq), da Organiza\u00e7\u00e3o Neerlandesa para Coopera\u00e7\u00e3o Internacional em Educa\u00e7\u00e3o Superior (Nuffic) e de associa\u00e7\u00f5es universit\u00e1rias da Holanda.<\/p>\n<p>A coopera\u00e7\u00e3o entre a Capes e a Holanda come\u00e7ou em 2005, com memorandos de entendimento voltados a desenvolvimento de projetos de pesquisa e mobilidade estudantil. Em 2012, foi lan\u00e7ado edital entre a Capes, CNPq e a Nuffic para bolsas de gradua\u00e7\u00e3o sandu\u00edche na Holanda no \u00e2mbito do programa Ci\u00eancia sem Fronteiras. Participam desse programa 13 institui\u00e7\u00f5es e universidades holandesas.<\/p>\n<p>De acordo com o presidente da Capes, Jorge Guimar\u00e3es, o n\u00famero de bolsistas do Ci\u00eancia sem Fronteiras em universidades holandesas j\u00e1 est\u00e1 chegando a 500. \u201cChegamos ao final deste ano com um total de 20 mil alunos brasileiros estudando no exterior por meio do programa\u201d, informou.<\/p>\n<p>Assessoria de Comunica\u00e7\u00e3o Social<\/p>\n","protected":false},"excerpt":{"rendered":"<p>Brasil e Holanda reafirmaram nesta segunda-feira, 19, parceria na \u00e1rea da educa\u00e7\u00e3o que teve in\u00edcio em 2005. Em visita \u00e0 Coordena\u00e7\u00e3o de Aperfei\u00e7oamento de Pessoal de N\u00edvel Superior (Capes), o pr\u00edncipe da Holanda, Willem-Alexander, e a princesa M\u00e1xima Zorreguieta trataram da coopera\u00e7\u00e3o educacional e cient\u00edfica entre os pa\u00edses, com destaque para o programa Ci\u00eancia sem [&hellip;]<\/p>\n","protected":false},"author":3,"featured_media":34767,"comment_status":"open","ping_status":"closed","sticky":false,"template":"","format":"standard","meta":{"_genesis_hide_title":false,"_genesis_hide_breadcrumbs":false,"_genesis_hide_singular_image":false,"_genesis_hide_footer_widgets":false,"_genesis_custom_body_class":"","_genesis_custom_post_class":"","_genesis_layout":"","_jetpack_memberships_contains_paid_content":false,"footnotes":""},"categories":[22],"tags":[],"class_list":{"0":"post-41446","1":"post","2":"type-post","3":"status-publish","4":"format-standard","5":"has-post-thumbnail","7":"category-brasil","8":"entry","9":"gs-1","10":"gs-odd","11":"gs-even","12":"gs-featured-content-entry"},"jetpack_featured_media_url":"https:\/\/www.redenoticia.com.br\/noticia\/imagens\/bolsa-de-estudo.jpg","jetpack_sharing_enabled":true,"jetpack_likes_enabled":true,"_links":{"self":[{"href":"https:\/\/www.redenoticia.com.br\/noticia\/wp-json\/wp\/v2\/posts\/41446","targetHints":{"allow":["GET"]}}],"collection":[{"href":"https:\/\/www.redenoticia.com.br\/noticia\/wp-json\/wp\/v2\/posts"}],"about":[{"href":"https:\/\/www.redenoticia.com.br\/noticia\/wp-json\/wp\/v2\/types\/post"}],"author":[{"embeddable":true,"href":"https:\/\/www.redenoticia.com.br\/noticia\/wp-json\/wp\/v2\/users\/3"}],"replies":[{"embeddable":true,"href":"https:\/\/www.redenoticia.com.br\/noticia\/wp-json\/wp\/v2\/comments?post=41446"}],"version-history":[{"count":0,"href":"https:\/\/www.redenoticia.com.br\/noticia\/wp-json\/wp\/v2\/posts\/41446\/revisions"}],"wp:featuredmedia":[{"embeddable":true,"href":"https:\/\/www.redenoticia.com.br\/noticia\/wp-json\/wp\/v2\/media\/34767"}],"wp:attachment":[{"href":"https:\/\/www.redenoticia.com.br\/noticia\/wp-json\/wp\/v2\/media?parent=41446"}],"wp:term":[{"taxonomy":"category","embeddable":true,"href":"https:\/\/www.redenoticia.com.br\/noticia\/wp-json\/wp\/v2\/categories?post=41446"},{"taxonomy":"post_tag","embeddable":true,"href":"https:\/\/www.redenoticia.com.br\/noticia\/wp-json\/wp\/v2\/tags?post=41446"}],"curies":[{"name":"wp","href":"https:\/\/api.w.org\/{rel}","templated":true}]}}