{"id":41423,"date":"2012-11-16T15:16:16","date_gmt":"2012-11-16T17:16:16","guid":{"rendered":"http:\/\/www.redenoticia.com.br\/noticia\/?p=41423"},"modified":"2012-11-16T15:16:16","modified_gmt":"2012-11-16T17:16:16","slug":"arte-no-metro-vira-livro-na-web","status":"publish","type":"post","link":"https:\/\/www.redenoticia.com.br\/noticia\/2012\/arte-no-metro-vira-livro-na-web\/41423","title":{"rendered":"Arte no Metr\u00f4 vira livro na web"},"content":{"rendered":"<p>Um acervo digital com mais de 34 anos de hist\u00f3ria da galeria de arte subterr\u00e2nea reunida. O Metr\u00f4 j\u00e1 disponibiliza esse material na web.\u00a0O\u00a0<em><strong><a href=\"http:\/\/www.metro.sp.gov.br\/cultura-lazer\/arte-metro\/livro-digital.aspx\" target=\"_blank\">livro digital Arte no Metr\u00f4<\/a><\/strong><\/em>\u00a0mostra detalhes das 91 obras de arte espalhadas por 37 esta\u00e7\u00f5es.<\/p>\n<p>O acervo conta com pain\u00e9is, murais, pinturas sobre tela, instala\u00e7\u00f5es e esculturas, criados por artistas renomados, como Aldemir Martins, Tomie Othake, Antonio Peticov, Denise Milan, entre outros.<\/p>\n<p>Do Portal do Governo do Estado<\/p>\n<p>&#8212;<\/p>\n<p>Quando a Esta\u00e7\u00e3o S\u00e9 do Metr\u00f4 de S\u00e3o Paulo foi inaugurada, h\u00e1 34 anos, j\u00e1 com as primeiras obras de arte instaladas, surgiu o momento de colocar em pr\u00e1tica uma ideia que vinha sendo trabalhada desde a funda\u00e7\u00e3o da Companhia, em 1968: transformar as esta\u00e7\u00f5es do sistema em galerias de arte subterr\u00e2neas e aproximar o cidad\u00e3o dessas manifesta\u00e7\u00f5es culturais. Eram esculturas, como as de Alfredo Ceschiatti e Marcelo Nitsche; e murais, como os de Renina Katz, Cl\u00e1udio Tozzi e M\u00e1rio Gruber. Eles est\u00e3o entre os primeiros artistas pl\u00e1sticos especializados em arte p\u00fablica e esse pioneirismo despertou o interesse de pintores e escultores. Nascia, assim, o projeto &#8220;Arte no Metr\u00f4&#8221;, formalizado em 1988, que passou a estabelecer crit\u00e9rios e organizar o acervo de obras de arte contempor\u00e2nea do Metr\u00f4 de S\u00e3o Paulo.<\/p>\n<p>A intensa procura fez com que o Metr\u00f4 institu\u00edsse, em 1990, a Comiss\u00e3o Consultiva de Arte, formada por representantes da Pinacoteca do Estado, do MASP, do MAM, do IAB \u2013 Instituto dos Arquitetos do Brasil, da ABPA \u2013 Associa\u00e7\u00e3o Paulista de Belas Artes e por representantes das \u00e1reas de Marketing e Arquitetura do Metr\u00f4 paulistano. A fun\u00e7\u00e3o desta comiss\u00e3o \u00e9 a de assegurar um processo de sele\u00e7\u00e3o criterioso e consistente para a escolha de projetos de arte contempor\u00e2nea, bem como sua adequa\u00e7\u00e3o para ser instalada em espa\u00e7o p\u00fablico do Metr\u00f4 de S\u00e3o Paulo.<\/p>\n","protected":false},"excerpt":{"rendered":"<p>Um acervo digital com mais de 34 anos de hist\u00f3ria da galeria de arte subterr\u00e2nea reunida. O Metr\u00f4 j\u00e1 disponibiliza esse material na web.\u00a0O\u00a0livro digital Arte no Metr\u00f4\u00a0mostra detalhes das 91 obras de arte espalhadas por 37 esta\u00e7\u00f5es. O acervo conta com pain\u00e9is, murais, pinturas sobre tela, instala\u00e7\u00f5es e esculturas, criados por artistas renomados, como [&hellip;]<\/p>\n","protected":false},"author":3,"featured_media":37419,"comment_status":"open","ping_status":"closed","sticky":false,"template":"","format":"standard","meta":{"_genesis_hide_title":false,"_genesis_hide_breadcrumbs":false,"_genesis_hide_singular_image":false,"_genesis_hide_footer_widgets":false,"_genesis_custom_body_class":"","_genesis_custom_post_class":"","_genesis_layout":"","_jetpack_memberships_contains_paid_content":false,"footnotes":""},"categories":[22],"tags":[],"class_list":{"0":"post-41423","1":"post","2":"type-post","3":"status-publish","4":"format-standard","5":"has-post-thumbnail","7":"category-brasil","8":"entry","9":"gs-1","10":"gs-odd","11":"gs-even","12":"gs-featured-content-entry"},"jetpack_featured_media_url":"https:\/\/www.redenoticia.com.br\/noticia\/imagens\/computador-tecnologia.jpg","jetpack_sharing_enabled":true,"jetpack_likes_enabled":true,"_links":{"self":[{"href":"https:\/\/www.redenoticia.com.br\/noticia\/wp-json\/wp\/v2\/posts\/41423","targetHints":{"allow":["GET"]}}],"collection":[{"href":"https:\/\/www.redenoticia.com.br\/noticia\/wp-json\/wp\/v2\/posts"}],"about":[{"href":"https:\/\/www.redenoticia.com.br\/noticia\/wp-json\/wp\/v2\/types\/post"}],"author":[{"embeddable":true,"href":"https:\/\/www.redenoticia.com.br\/noticia\/wp-json\/wp\/v2\/users\/3"}],"replies":[{"embeddable":true,"href":"https:\/\/www.redenoticia.com.br\/noticia\/wp-json\/wp\/v2\/comments?post=41423"}],"version-history":[{"count":0,"href":"https:\/\/www.redenoticia.com.br\/noticia\/wp-json\/wp\/v2\/posts\/41423\/revisions"}],"wp:featuredmedia":[{"embeddable":true,"href":"https:\/\/www.redenoticia.com.br\/noticia\/wp-json\/wp\/v2\/media\/37419"}],"wp:attachment":[{"href":"https:\/\/www.redenoticia.com.br\/noticia\/wp-json\/wp\/v2\/media?parent=41423"}],"wp:term":[{"taxonomy":"category","embeddable":true,"href":"https:\/\/www.redenoticia.com.br\/noticia\/wp-json\/wp\/v2\/categories?post=41423"},{"taxonomy":"post_tag","embeddable":true,"href":"https:\/\/www.redenoticia.com.br\/noticia\/wp-json\/wp\/v2\/tags?post=41423"}],"curies":[{"name":"wp","href":"https:\/\/api.w.org\/{rel}","templated":true}]}}