{"id":41421,"date":"2012-11-16T15:05:27","date_gmt":"2012-11-16T17:05:27","guid":{"rendered":"http:\/\/www.redenoticia.com.br\/noticia\/?p=41421"},"modified":"2012-11-16T15:05:27","modified_gmt":"2012-11-16T17:05:27","slug":"previsao-do-tempo-no-feriado-prolongado","status":"publish","type":"post","link":"https:\/\/www.redenoticia.com.br\/noticia\/2012\/previsao-do-tempo-no-feriado-prolongado\/41421","title":{"rendered":"Previs\u00e3o do tempo no feriado prolongado"},"content":{"rendered":"<p><em><strong>Previs\u00e3o do tempo<\/strong><\/em> &#8211; na pr\u00f3xima ter\u00e7a-feira, dia 20 de Novembro, \u00e9 o dia da Consci\u00eancia Negra, data em que \u00e9 feriado em pelo menos 1,041 cidades brasileiras, segundo a Seppir (Secretaria de Pol\u00edticas de Promo\u00e7\u00e3o da Igualdade Racial). Entre esse total h\u00e1 12 Capitais. Confira aqui como vai ficar o tempo no feriado.<\/p>\n<p>De acordo com os meteorologistas da Somar, instabilidades associadas a uma frente fria organizam a umidade da Amaz\u00f4nia e deixam o tempo nublado em grande parte das Regi\u00f5es Sudeste, Centro-Oeste e Norte do Pa\u00eds, al\u00e9m de uma pequena parte do Nordeste.<\/p>\n<p>Na regi\u00e3o Sul, o s\u00e1bado ainda come\u00e7a com sensa\u00e7\u00e3o de frio, mas logo cedo o sol aparece e ajuda a elevar as temperaturas e deixa a tarde quente no oeste dos tr\u00eas Estados. H\u00e1 previs\u00e3o de chuva somente entre o litoral de Santa Catarina e Paran\u00e1. O frio perde for\u00e7a no domingo, sol predomina, por\u00e9m ao longo do dia, novas \u00e1reas de instabilidade se aproximam da regi\u00e3o e provocam chuvas isoladas. J\u00e1 na segunda e ter\u00e7a-feira, \u00e1reas de instabilidade provocam chuva de baixo acumulado a partir da tarde.<\/p>\n<p>No Sudeste, as instabilidades come\u00e7am a perder for\u00e7a e a chuva fica mais fraca e isolada sobre o Rio de Janeiro, sul de Minas Gerais e Esp\u00edrito Santo no s\u00e1bado. Em S\u00e3o Paulo, mais um dia de predom\u00ednio de sol entre poucas nuvens e chuva a tarde na faixa leste do Estado. No domingo, o tempo firme volta a predominar no Sudeste. Apesar do dia permanecer chuvoso no norte de Minas Gerais e Esp\u00edrito Santo, o potencial para temporais j\u00e1 \u00e9 mais baixo. Em S\u00e3o Paulo, Rio de Janeiro e grande parte de Minas Gerais e do Esp\u00edrito Santo, o sol predomina entre nuvens e ajuda na eleva\u00e7\u00e3o das temperaturas. Na segunda e ter\u00e7a-feira, h\u00e1 sol com varia\u00e7\u00e3o de nebulosidade. A sensa\u00e7\u00e3o \u00e9 de calor durante a tarde no interior da regi\u00e3o, os per\u00edodos de sol s\u00e3o maiores e a tend\u00eancia \u00e9 de eleva\u00e7\u00e3o nas temperaturas.<\/p>\n<p>No Centro-Oeste, o fim de semana come\u00e7a com diminui\u00e7\u00e3o das chuvas no Mato Grosso, Goi\u00e1s e no Distrito Federal. As instabilidades perdem for\u00e7a, a condi\u00e7\u00e3o para temporais diminui e a chuva vem na forma de pancadas isoladas. O domingo ser\u00e1 marcado pela volta dos temporais e da chuva forte para a regi\u00e3o. Chuva com maior intensidade no norte do Estado de Mato Grosso, os volumes de chuva se aproximam de 50mm em alguns munic\u00edpios. Na segunda-feira e ter\u00e7a, previs\u00e3o de per\u00edodos de sol intercalados com pancadas de chuva.<\/p>\n<p>A melhor op\u00e7\u00e3o para aproveitar o feriado \u00e9 o Nordeste. Segundo a meteorologista Tatiane Martins, o sol aparece desde cedo no s\u00e1bado, \u00e0 tarde ser\u00e1 muito quente em praticamente toda a Regi\u00e3o, a Bahia \u00e9 exce\u00e7\u00e3o, pois haver\u00e1 maior presen\u00e7a de nuvens. No domingo nada muda na regi\u00e3o. A chuva mais constante e generalizada atinge apenas o sul da Bahia, j\u00e1 no interior do Nordeste, ela vem na forma de pancadas fracas e isoladas, nada que modifique o cen\u00e1rio de baixa umidade do ar e temperaturas elevadas a tarde em grande parte do Nordeste. Na segunda e ter\u00e7a-feira, muito sol e tempo aberto. Sensa\u00e7\u00e3o de abafamento na faixa litor\u00e2nea.<\/p>\n<p>J\u00e1 no Norte, segue a condi\u00e7\u00e3o para chuvas mais intensas no sul da regi\u00e3o, principalmente entre os Estados de Rond\u00f4nia e Amazonas, onde a condi\u00e7\u00e3o para temporais \u00e9 maior no s\u00e1bado. Mais para o norte, o sol predomina durante o dia, teremos mais uma tarde de muito calor e com baixos \u00edndices de umidade do ar e com chuva no final do per\u00edodo. No domingo tamb\u00e9m ser\u00e1 de chuva e risco de temporais para quem mora em Rond\u00f4nia, no Acre e Amazonas. O dia novamente come\u00e7a com sensa\u00e7\u00e3o de abafamento em toda a regi\u00e3o. Na segunda e ter\u00e7a-feira, as pancadas mais fortes de chuva continuam atingindo em Rond\u00f4nia, no Acre e Amazonas.<\/p>\n<p>O dia da Consci\u00eancia Negra<\/p>\n<p>A data 20 de Novembro lembra o dia da morte do Zumbi dos Palmares. \u00c9 decis\u00e3o dos Munic\u00edpios e Estados oficializarem ou n\u00e3o o feriado. O n\u00famero de cidades que adere ao feriado muda todo ano, pois sempre aumenta a quantidade de munic\u00edpios que aprovam a data e paralisam os servi\u00e7os p\u00fablicos neste dia. H\u00e1 6 Estados e 12 Capitais que aderiram ao feriado: Macei\u00f3 \u2013 AL, Manaus -AM, Goi\u00e2nia \u2013 GO, Cuiab\u00e1 \u2013 MT, Jo\u00e3o Pessoa \u2013 PB, Rio de Janeiro \u2013 RJ, S\u00e3o Paulo \u2013 SP, Macap\u00e1 \u2013 AP, Fortaleza \u2013 CE, Belo Horizonte \u2013 BH, Florian\u00f3polis &#8211; SC e Porto Alegre- RS<\/p>\n","protected":false},"excerpt":{"rendered":"<p>Previs\u00e3o do tempo &#8211; na pr\u00f3xima ter\u00e7a-feira, dia 20 de Novembro, \u00e9 o dia da Consci\u00eancia Negra, data em que \u00e9 feriado em pelo menos 1,041 cidades brasileiras, segundo a Seppir (Secretaria de Pol\u00edticas de Promo\u00e7\u00e3o da Igualdade Racial). Entre esse total h\u00e1 12 Capitais. Confira aqui como vai ficar o tempo no feriado. De [&hellip;]<\/p>\n","protected":false},"author":3,"featured_media":28409,"comment_status":"open","ping_status":"closed","sticky":false,"template":"","format":"standard","meta":{"_genesis_hide_title":false,"_genesis_hide_breadcrumbs":false,"_genesis_hide_singular_image":false,"_genesis_hide_footer_widgets":false,"_genesis_custom_body_class":"","_genesis_custom_post_class":"","_genesis_layout":"","_jetpack_memberships_contains_paid_content":false,"footnotes":""},"categories":[22,327,376],"tags":[],"class_list":{"0":"post-41421","1":"post","2":"type-post","3":"status-publish","4":"format-standard","5":"has-post-thumbnail","7":"category-brasil","8":"category-clima","9":"category-clima-brasil","10":"entry","11":"gs-1","12":"gs-odd","13":"gs-even","14":"gs-featured-content-entry"},"jetpack_featured_media_url":"https:\/\/www.redenoticia.com.br\/noticia\/imagens\/previsao-do-tempo-e-temperatura.jpg","jetpack_sharing_enabled":true,"jetpack_likes_enabled":true,"_links":{"self":[{"href":"https:\/\/www.redenoticia.com.br\/noticia\/wp-json\/wp\/v2\/posts\/41421","targetHints":{"allow":["GET"]}}],"collection":[{"href":"https:\/\/www.redenoticia.com.br\/noticia\/wp-json\/wp\/v2\/posts"}],"about":[{"href":"https:\/\/www.redenoticia.com.br\/noticia\/wp-json\/wp\/v2\/types\/post"}],"author":[{"embeddable":true,"href":"https:\/\/www.redenoticia.com.br\/noticia\/wp-json\/wp\/v2\/users\/3"}],"replies":[{"embeddable":true,"href":"https:\/\/www.redenoticia.com.br\/noticia\/wp-json\/wp\/v2\/comments?post=41421"}],"version-history":[{"count":0,"href":"https:\/\/www.redenoticia.com.br\/noticia\/wp-json\/wp\/v2\/posts\/41421\/revisions"}],"wp:featuredmedia":[{"embeddable":true,"href":"https:\/\/www.redenoticia.com.br\/noticia\/wp-json\/wp\/v2\/media\/28409"}],"wp:attachment":[{"href":"https:\/\/www.redenoticia.com.br\/noticia\/wp-json\/wp\/v2\/media?parent=41421"}],"wp:term":[{"taxonomy":"category","embeddable":true,"href":"https:\/\/www.redenoticia.com.br\/noticia\/wp-json\/wp\/v2\/categories?post=41421"},{"taxonomy":"post_tag","embeddable":true,"href":"https:\/\/www.redenoticia.com.br\/noticia\/wp-json\/wp\/v2\/tags?post=41421"}],"curies":[{"name":"wp","href":"https:\/\/api.w.org\/{rel}","templated":true}]}}