{"id":41394,"date":"2012-11-13T16:21:25","date_gmt":"2012-11-13T18:21:25","guid":{"rendered":"http:\/\/www.redenoticia.com.br\/noticia\/?p=41394"},"modified":"2012-11-13T16:21:25","modified_gmt":"2012-11-13T18:21:25","slug":"cpi-do-trafico-de-pessoas-quebra-dos-sigilos-de-suspeitos","status":"publish","type":"post","link":"https:\/\/www.redenoticia.com.br\/noticia\/2012\/cpi-do-trafico-de-pessoas-quebra-dos-sigilos-de-suspeitos\/41394","title":{"rendered":"CPI do Tr\u00e1fico de Pessoas &#8211; quebra dos sigilos de suspeitos"},"content":{"rendered":"<p>Bras\u00edlia &#8211; A Comiss\u00e3o Parlamentar de Inqu\u00e9rito (CPI) do <em><strong>Tr\u00e1fico de Pessoas<\/strong> <\/em>na C\u00e2mara dos Deputados deve pedir a <em><strong>quebra dos sigilos<\/strong><\/em> banc\u00e1rio, fiscal e telef\u00f4nico de Carmem Kiechofer, de seu marido, Bernhard Michael Topschall, e das empresas do casal, informou o presidente da CPI, deputado Arnaldo Jordy (PPS-PA). Eles s\u00e3o suspeitos de aliciar m\u00e3es e intermediar a doa\u00e7\u00e3o de crian\u00e7as pobres no interior da Bahia.<\/p>\n<p>Os dois foram convocados para prestar esclarecimentos na CPI em audi\u00eancia na manh\u00e3 de hoje (13), mas se negaram a responder \u00e0 maior parte das perguntas feitas pelos parlamentares. Eles foram beneficiados por dois habeas corpus, concedidos ontem (12) pelos ministros Gilmar Mendes e Ricardo Levandowski, do Supremo Tribunal Federal (STF), que asseguraram o direito de permanecerem calados quando considerassem que as respostas aos questionamentos pudessem produzir provas contra eles.<\/p>\n<p>Ao comentar a postura de Carmem de n\u00e3o responder \u00e0 maioria das perguntas, o deputado Jordy disse consider\u00e1-la suspeita. Durante a audi\u00eancia, ele chegou a dizer que o sil\u00eancio estava &#8220;ruidoso demais&#8221;.<\/p>\n<p>&#8220;Ela n\u00e3o se incriminou porque n\u00e3o disse nada, mas a sensa\u00e7\u00e3o que fica \u00e9 que ela tem muito a dizer. S\u00f3 deixa essa lacuna quem est\u00e1 apavorada de falar alguma coisa. Ela \u00e9 pe\u00e7a importante [para as investiga\u00e7\u00f5es]&#8221;, disse.<\/p>\n<p>Ao justificar o sil\u00eancio diante das perguntas, Carmem disse que \u00e9 a &#8220;maior interessada nos esclarecimentos dos fatos&#8221; e reiterou que s\u00f3 se manifestar\u00e1 perante a Justi\u00e7a da Bahia.<\/p>\n<p>Entre as poucas respostas que deu, a maioria sem liga\u00e7\u00e3o direta com as acusa\u00e7\u00f5es, ela confirmou ser moradora do munic\u00edpio de Pojuca, na Bahia, para onde se mudou h\u00e1 cerca de dois anos com o objetivo de montar uma empresa de processamento de tripa natural, atra\u00edda por incentivos fiscais. Ela confirmou, no entanto, que at\u00e9 o momento n\u00e3o conseguiu estabelecer o neg\u00f3cio.<\/p>\n<p>Carmem nasceu em Porto Alegre (RS) e morou em Salvador, Abrantes e Lauro de Freitas, todos munic\u00edpios na Bahia. Ela disse ser cat\u00f3lica praticante e destacou: &#8220;S\u00f3 estou aqui porque acredito e confio em Deus&#8221;.<\/p>\n<p>A ultima depoente, Maria Elizabete Abreu Rosa, ex-vereadora do munic\u00edpio baiano de Encruzilhada, mais uma vez n\u00e3o compareceu \u00e0 audi\u00eancia e, segundo os parlamentares, n\u00e3o apresentou justificativa. H\u00e1 duas semanas, quando tamb\u00e9m era aguardada para depor na CPI, apresentou atestado m\u00e9dico para explicar a aus\u00eancia. Ela \u00e9 suspeita de aliciar m\u00e3es e intermediar ado\u00e7\u00f5es ilegais na Bahia.<\/p>\n<p>Ao fim da audi\u00eancia, a relatora da CPI, deputada Fl\u00e1via Morais (PDT\/GO), informou que C\u00e9lia Maria de Oliveira Santos, escriv\u00e3 na comarca de Canudos (BA) tamb\u00e9m ser\u00e1 convidada a depor na comiss\u00e3o. Segundo a relatora, ela \u00e9 suspeita de ter indicado as fam\u00edlias de S\u00e3o Paulo que receberam a guarda provis\u00f3ria das crian\u00e7as do munic\u00edpio baiano de Santo Amaro, num processo ilegal de ado\u00e7\u00e3o.<\/p>\n<p>Ela tamb\u00e9m lamentou o sil\u00eancio dos depoentes. &#8220;Lamentamos o n\u00e3o pronunciamento e percebemos, pelo medo e pela afli\u00e7\u00e3o dela [de Carmem] e a orienta\u00e7\u00e3o constante dos seus advogados, que ela estava muito insegura, o que a coloca, j\u00e1 tendo sido indiciada pelo MP [Minist\u00e9rio P\u00fablico], como muito envolvida nesses acontecimentos&#8221;, disse.<\/p>\n<p>Thais Leit\u00e3o<br \/>\nRep\u00f3rter da Ag\u00eancia Brasil<\/p>\n<p>Edi\u00e7\u00e3o: L\u00edlian Beraldo<\/p>\n","protected":false},"excerpt":{"rendered":"<p>Bras\u00edlia &#8211; A Comiss\u00e3o Parlamentar de Inqu\u00e9rito (CPI) do Tr\u00e1fico de Pessoas na C\u00e2mara dos Deputados deve pedir a quebra dos sigilos banc\u00e1rio, fiscal e telef\u00f4nico de Carmem Kiechofer, de seu marido, Bernhard Michael Topschall, e das empresas do casal, informou o presidente da CPI, deputado Arnaldo Jordy (PPS-PA). Eles s\u00e3o suspeitos de aliciar m\u00e3es [&hellip;]<\/p>\n","protected":false},"author":3,"featured_media":40636,"comment_status":"open","ping_status":"closed","sticky":false,"template":"","format":"standard","meta":{"_genesis_hide_title":false,"_genesis_hide_breadcrumbs":false,"_genesis_hide_singular_image":false,"_genesis_hide_footer_widgets":false,"_genesis_custom_body_class":"","_genesis_custom_post_class":"","_genesis_layout":"","_jetpack_memberships_contains_paid_content":false,"footnotes":""},"categories":[22],"tags":[],"class_list":{"0":"post-41394","1":"post","2":"type-post","3":"status-publish","4":"format-standard","5":"has-post-thumbnail","7":"category-brasil","8":"entry","9":"gs-1","10":"gs-odd","11":"gs-even","12":"gs-featured-content-entry"},"jetpack_featured_media_url":"https:\/\/www.redenoticia.com.br\/noticia\/imagens\/economia-analise.jpg","jetpack_sharing_enabled":true,"jetpack_likes_enabled":true,"_links":{"self":[{"href":"https:\/\/www.redenoticia.com.br\/noticia\/wp-json\/wp\/v2\/posts\/41394","targetHints":{"allow":["GET"]}}],"collection":[{"href":"https:\/\/www.redenoticia.com.br\/noticia\/wp-json\/wp\/v2\/posts"}],"about":[{"href":"https:\/\/www.redenoticia.com.br\/noticia\/wp-json\/wp\/v2\/types\/post"}],"author":[{"embeddable":true,"href":"https:\/\/www.redenoticia.com.br\/noticia\/wp-json\/wp\/v2\/users\/3"}],"replies":[{"embeddable":true,"href":"https:\/\/www.redenoticia.com.br\/noticia\/wp-json\/wp\/v2\/comments?post=41394"}],"version-history":[{"count":0,"href":"https:\/\/www.redenoticia.com.br\/noticia\/wp-json\/wp\/v2\/posts\/41394\/revisions"}],"wp:featuredmedia":[{"embeddable":true,"href":"https:\/\/www.redenoticia.com.br\/noticia\/wp-json\/wp\/v2\/media\/40636"}],"wp:attachment":[{"href":"https:\/\/www.redenoticia.com.br\/noticia\/wp-json\/wp\/v2\/media?parent=41394"}],"wp:term":[{"taxonomy":"category","embeddable":true,"href":"https:\/\/www.redenoticia.com.br\/noticia\/wp-json\/wp\/v2\/categories?post=41394"},{"taxonomy":"post_tag","embeddable":true,"href":"https:\/\/www.redenoticia.com.br\/noticia\/wp-json\/wp\/v2\/tags?post=41394"}],"curies":[{"name":"wp","href":"https:\/\/api.w.org\/{rel}","templated":true}]}}