{"id":41342,"date":"2012-11-08T18:40:09","date_gmt":"2012-11-08T20:40:09","guid":{"rendered":"http:\/\/www.redenoticia.com.br\/noticia\/?p=41342"},"modified":"2012-11-08T18:40:09","modified_gmt":"2012-11-08T20:40:09","slug":"ingresso-para-a-copa-das-confederacoes","status":"publish","type":"post","link":"https:\/\/www.redenoticia.com.br\/noticia\/2012\/ingresso-para-a-copa-das-confederacoes\/41342","title":{"rendered":"Ingresso para a Copa das Confedera\u00e7\u00f5es"},"content":{"rendered":"<p>S\u00e3o Paulo \u2013 Na fase de grupos da <em><strong>Copa das Confedera\u00e7\u00f5es<\/strong><\/em>, a partir de 15 de junho de 2013 no Brasil, o ingresso de menor pre\u00e7o vai custar R$ 57, e poder\u00e1 ser adquirido por estudantes, pessoas com mais de 60 anos de idade e benefici\u00e1rios do Programa Bolsa Fam\u00edlia, com desconto de 50% (R$ 28,50). Para o jogo de abertura e e as partidas da fase semifinais, o menor valor ser\u00e1 R$ 76 (meia R$ 38) e a final, R$ 95 (meia R$ 47,5).<\/p>\n<p>Os ingressos dar\u00e3o acesso aos acentos de categoria 4, que s\u00f3 ser\u00e3o vendidos aos residentes no Brasil. Apenas idosos (acima de 60 anos), que moram no pa\u00eds, ter\u00e3o direito a 50% de desconto nos ingressos das categorias 1 a 3 (melhor localizados). Os pre\u00e7os e locais onde ser\u00e3o realizados os jogos foram divulgados hoje (8), em S\u00e3o Paulo, pela Federa\u00e7\u00e3o Internacional de Futebol (Fifa). As sedes ser\u00e3o no Rio de Janeiro, em Belo Horizonte, Fortaleza, Bras\u00edlia, Salvador e no Recife.<\/p>\n<p>O jogo de abertura da competi\u00e7\u00e3o ser\u00e1 na capital federal, no Est\u00e1dio Nacional de Bras\u00edlia Man\u00e9 Garrincha, no dia 15 de junho. A final ocorrer\u00e1 no Est\u00e1dio Jornalista M\u00e1rio Filho, o Maracan\u00e3, no Rio de Janeiro, no dia 30 de junho. No dia 1\u00ba de dezembro, a Fifa far\u00e1 o sorteio dos jogos no Anhembi, na cidade de S\u00e3o Paulo.<\/p>\n<p>Cerca de 830 mil ingressos estar\u00e3o dispon\u00edveis para as 16 partidas da Copa das Confedera\u00e7\u00f5es, que ter\u00e1 a participa\u00e7\u00e3o de quatro sele\u00e7\u00f5es que j\u00e1 ganharam a Copa do Mundo da Fifa (Brasil, It\u00e1lia, Espanha e Uruguai) e mais as sele\u00e7\u00f5es do M\u00e9xico, Jap\u00e3o, Taiti e um representante da \u00c1frica. A partir de 3 de dezembro de 2012 ser\u00e3o colocados \u00e0 venda ingressos de todas as categorias, inclusive a 4, reservada apenas a pessoas que residem no Brasil.<\/p>\n<p>Pelo menos 1% da quantidade total de ingressos ser\u00e1 disponibilizado para pessoas com defici\u00eancia, que ter\u00e3o acesso aos lugares de categoria 3. Elas ter\u00e3o a op\u00e7\u00e3o de solicitar um ingresso cortesia para um acompanhante.<\/p>\n<p>A venda dos ingressos ser\u00e1 feita pela internet, no\u00a0site\u00a0<a href=\"http:\/\/www.fifa.com\/\" target=\"_blank\">www.fifa.com<\/a>\u00a0.\u201cA inclus\u00e3o digital tem avan\u00e7ado enormemente no Brasil, mas ainda h\u00e1 setores, sobretudo entre a popula\u00e7\u00e3o idosa e a de baixa renda, com restri\u00e7\u00f5es no acesso regular \u00e0 internet. Por isso, disponibilizaremos pontos p\u00fablicos de acesso em 7,6 mil escolas p\u00fablicas Brasil\u201d, disse Lu\u00eds Fernandes, secret\u00e1rio executivo do Minist\u00e9rio do Esporte. O\u00a0site<a href=\"http:\/\/www.copa2014.gov.br\/\" target=\"_blank\">www.copa2014.gov.br<\/a>\u00a0traz mais detalhes sobre os pontos de acesso.<\/p>\n<p>Bruno Bocchini<br \/>\nRep\u00f3rter da Ag\u00eancia Brasil<\/p>\n<p>Edi\u00e7\u00e3o: A\u00e9cio Amado<\/p>\n","protected":false},"excerpt":{"rendered":"<p>S\u00e3o Paulo \u2013 Na fase de grupos da Copa das Confedera\u00e7\u00f5es, a partir de 15 de junho de 2013 no Brasil, o ingresso de menor pre\u00e7o vai custar R$ 57, e poder\u00e1 ser adquirido por estudantes, pessoas com mais de 60 anos de idade e benefici\u00e1rios do Programa Bolsa Fam\u00edlia, com desconto de 50% (R$ [&hellip;]<\/p>\n","protected":false},"author":3,"featured_media":30249,"comment_status":"open","ping_status":"closed","sticky":false,"template":"","format":"standard","meta":{"_genesis_hide_title":false,"_genesis_hide_breadcrumbs":false,"_genesis_hide_singular_image":false,"_genesis_hide_footer_widgets":false,"_genesis_custom_body_class":"","_genesis_custom_post_class":"","_genesis_layout":"","_jetpack_memberships_contains_paid_content":false,"footnotes":""},"categories":[22],"tags":[],"class_list":{"0":"post-41342","1":"post","2":"type-post","3":"status-publish","4":"format-standard","5":"has-post-thumbnail","7":"category-brasil","8":"entry","9":"gs-1","10":"gs-odd","11":"gs-even","12":"gs-featured-content-entry"},"jetpack_featured_media_url":"https:\/\/www.redenoticia.com.br\/noticia\/imagens\/copa-do-mundo-2014.jpg","jetpack_sharing_enabled":true,"jetpack_likes_enabled":true,"_links":{"self":[{"href":"https:\/\/www.redenoticia.com.br\/noticia\/wp-json\/wp\/v2\/posts\/41342","targetHints":{"allow":["GET"]}}],"collection":[{"href":"https:\/\/www.redenoticia.com.br\/noticia\/wp-json\/wp\/v2\/posts"}],"about":[{"href":"https:\/\/www.redenoticia.com.br\/noticia\/wp-json\/wp\/v2\/types\/post"}],"author":[{"embeddable":true,"href":"https:\/\/www.redenoticia.com.br\/noticia\/wp-json\/wp\/v2\/users\/3"}],"replies":[{"embeddable":true,"href":"https:\/\/www.redenoticia.com.br\/noticia\/wp-json\/wp\/v2\/comments?post=41342"}],"version-history":[{"count":0,"href":"https:\/\/www.redenoticia.com.br\/noticia\/wp-json\/wp\/v2\/posts\/41342\/revisions"}],"wp:featuredmedia":[{"embeddable":true,"href":"https:\/\/www.redenoticia.com.br\/noticia\/wp-json\/wp\/v2\/media\/30249"}],"wp:attachment":[{"href":"https:\/\/www.redenoticia.com.br\/noticia\/wp-json\/wp\/v2\/media?parent=41342"}],"wp:term":[{"taxonomy":"category","embeddable":true,"href":"https:\/\/www.redenoticia.com.br\/noticia\/wp-json\/wp\/v2\/categories?post=41342"},{"taxonomy":"post_tag","embeddable":true,"href":"https:\/\/www.redenoticia.com.br\/noticia\/wp-json\/wp\/v2\/tags?post=41342"}],"curies":[{"name":"wp","href":"https:\/\/api.w.org\/{rel}","templated":true}]}}