{"id":41271,"date":"2012-10-31T13:32:20","date_gmt":"2012-10-31T15:32:20","guid":{"rendered":"http:\/\/www.redenoticia.com.br\/noticia\/?p=41271"},"modified":"2012-10-31T19:38:32","modified_gmt":"2012-10-31T21:38:32","slug":"pedido-de-cpi-para-investigar-erros-nas-pesquisas-eleitorais","status":"publish","type":"post","link":"https:\/\/www.redenoticia.com.br\/noticia\/2012\/pedido-de-cpi-para-investigar-erros-nas-pesquisas-eleitorais\/41271","title":{"rendered":"Pedido de CPI para investigar erros nas pesquisas eleitorais"},"content":{"rendered":"<p>Bras\u00edlia &#8211; O l\u00edder do PDT na C\u00e2mara, deputado Andr\u00e9 Figueiredo (CE), protocolou hoje (31) na C\u00e2mara requerimento para a cria\u00e7\u00e3o de comiss\u00e3o parlamentar de inqu\u00e9rito (CPI) destinada a investigar os <em><strong>erros nas pesquisas eleitorais<\/strong> <\/em>nas \u00faltimas elei\u00e7\u00f5es. O requerimento foi apresentado com 225 assinaturas, que ser\u00e3o agora conferidas pela Secretaria-Geral da Casa. Para ser criada a CPI, s\u00e3o necess\u00e1rias 171 assinaturas.<\/p>\n<p>Segundo Andr\u00e9 Figueiredo, as assinaturas foram colhidas em tr\u00eas dias, em uma demonstra\u00e7\u00e3o do interesse dos deputados na investiga\u00e7\u00e3o dos institutos de pesquisas. Ele argumenta que, nas \u00faltimas pesquisas, houve n\u00fameros muito divergentes. \u201cN\u00f3s tivemos em v\u00e1rias capitais n\u00fameros completamente divergentes. Os resultados apresentados na v\u00e9spera da elei\u00e7\u00e3o foram completamente diferentes do que se constatou no dia da elei\u00e7\u00e3o\u201d, disse.<\/p>\n<p>Segundo Figueiredo, houve algum tipo de erro nas pesquisas na maioria das capitais do pa\u00eds. Segundo ele, a ideia \u00e9 criar uma regulamenta\u00e7\u00e3o para os institutos de pesquisas. \u201cQueremos uma regulamenta\u00e7\u00e3o para que possam ser melhor aproveitadas e melhor apresentadas e que elas [as pesquisas] n\u00e3o possam servir, como hoje, como um grande fator de influ\u00eancia na vontade do eleitorado brasileiro\u201d, disse o l\u00edder.<\/p>\n<p>Iolando Louren\u00e7o<br \/>\nRep\u00f3rter da Ag\u00eancia Brasil<br \/>\nEdi\u00e7\u00e3o: A\u00e9cio Amado<\/p>\n","protected":false},"excerpt":{"rendered":"<p>Bras\u00edlia &#8211; O l\u00edder do PDT na C\u00e2mara, deputado Andr\u00e9 Figueiredo (CE), protocolou hoje (31) na C\u00e2mara requerimento para a cria\u00e7\u00e3o de comiss\u00e3o parlamentar de inqu\u00e9rito (CPI) destinada a investigar os erros nas pesquisas eleitorais nas \u00faltimas elei\u00e7\u00f5es. O requerimento foi apresentado com 225 assinaturas, que ser\u00e3o agora conferidas pela Secretaria-Geral da Casa. Para ser [&hellip;]<\/p>\n","protected":false},"author":3,"featured_media":39956,"comment_status":"open","ping_status":"closed","sticky":false,"template":"","format":"standard","meta":{"_genesis_hide_title":false,"_genesis_hide_breadcrumbs":false,"_genesis_hide_singular_image":false,"_genesis_hide_footer_widgets":false,"_genesis_custom_body_class":"","_genesis_custom_post_class":"","_genesis_layout":"","_jetpack_memberships_contains_paid_content":false,"footnotes":""},"categories":[22],"tags":[],"class_list":{"0":"post-41271","1":"post","2":"type-post","3":"status-publish","4":"format-standard","5":"has-post-thumbnail","7":"category-brasil","8":"entry","9":"gs-1","10":"gs-odd","11":"gs-even","12":"gs-featured-content-entry"},"jetpack_featured_media_url":"https:\/\/www.redenoticia.com.br\/noticia\/imagens\/eleicao-voto-campanha-eleitoral-resultado.jpg","jetpack_sharing_enabled":true,"jetpack_likes_enabled":true,"_links":{"self":[{"href":"https:\/\/www.redenoticia.com.br\/noticia\/wp-json\/wp\/v2\/posts\/41271","targetHints":{"allow":["GET"]}}],"collection":[{"href":"https:\/\/www.redenoticia.com.br\/noticia\/wp-json\/wp\/v2\/posts"}],"about":[{"href":"https:\/\/www.redenoticia.com.br\/noticia\/wp-json\/wp\/v2\/types\/post"}],"author":[{"embeddable":true,"href":"https:\/\/www.redenoticia.com.br\/noticia\/wp-json\/wp\/v2\/users\/3"}],"replies":[{"embeddable":true,"href":"https:\/\/www.redenoticia.com.br\/noticia\/wp-json\/wp\/v2\/comments?post=41271"}],"version-history":[{"count":0,"href":"https:\/\/www.redenoticia.com.br\/noticia\/wp-json\/wp\/v2\/posts\/41271\/revisions"}],"wp:featuredmedia":[{"embeddable":true,"href":"https:\/\/www.redenoticia.com.br\/noticia\/wp-json\/wp\/v2\/media\/39956"}],"wp:attachment":[{"href":"https:\/\/www.redenoticia.com.br\/noticia\/wp-json\/wp\/v2\/media?parent=41271"}],"wp:term":[{"taxonomy":"category","embeddable":true,"href":"https:\/\/www.redenoticia.com.br\/noticia\/wp-json\/wp\/v2\/categories?post=41271"},{"taxonomy":"post_tag","embeddable":true,"href":"https:\/\/www.redenoticia.com.br\/noticia\/wp-json\/wp\/v2\/tags?post=41271"}],"curies":[{"name":"wp","href":"https:\/\/api.w.org\/{rel}","templated":true}]}}