{"id":41251,"date":"2012-10-29T11:22:51","date_gmt":"2012-10-29T13:22:51","guid":{"rendered":"http:\/\/www.redenoticia.com.br\/noticia\/?p=41251"},"modified":"2012-11-03T19:56:31","modified_gmt":"2012-11-03T21:56:31","slug":"reaberta-inscricao-para-o-vestibulinho-das-etecs","status":"publish","type":"post","link":"https:\/\/www.redenoticia.com.br\/noticia\/2012\/reaberta-inscricao-para-o-vestibulinho-das-etecs\/41251","title":{"rendered":"Reaberta inscri\u00e7\u00e3o para o Vestibulinho das Etecs"},"content":{"rendered":"<p><em><strong>Vestibulinho Etecs<\/strong><\/em> &#8211;\u00a0As inscri\u00e7\u00f5es do processo seletivo das Escolas T\u00e9cnicas Estaduais (Etecs) para o 1\u00ba semestre de 2013 ser\u00e3o reabertas nesta ter\u00e7a, 30, e v\u00e3o at\u00e9 \u00e0s 15 horas do dia 5 de novembro. O valor da taxa \u00e9 de R$ 25. O exame ser\u00e1 no dia 2 de dezembro.<\/p>\n<p>Ao todo, as mais de 89 mil vagas se destinam aos ensinos M\u00e9dio, T\u00e9cnico e T\u00e9cnico Integrado ao M\u00e9dio. Para o Ensino M\u00e9dio, s\u00e3o 13.837 vagas. Para o Ensino T\u00e9cnico, est\u00e3o dispon\u00edveis 63.062 vagas, das quais 60.595 s\u00e3o para as 209 Etecs e 31 classes descentralizadas (unidades que funcionam com um ou mais cursos em parceria com prefeituras ou empresas, sob a administra\u00e7\u00e3o de uma Etec). As outras 2.467 vagas ser\u00e3o abertas na modalidade semipresencial por meio do Telecurso TEC.<\/p>\n<p>Do total de vagas no Ensino T\u00e9cnico, 10.280 s\u00e3o destinadas ao conv\u00eanio entre o Centro Paula Souza, a Secretaria da Educa\u00e7\u00e3o do Estado de S\u00e3o Paulo e a Prefeitura de S\u00e3o Paulo. O n\u00famero inclui 8.683 vagas para cursos t\u00e9cnicos em 136 escolas estaduais de 80 munic\u00edpios e 1.525 para os 22 Centros Educacionais Unificados (CEUs) da Capital. As aulas ser\u00e3o noturnas, ministradas por professores das Etecs.<\/p>\n<p>Rede Ensino M\u00e9dio T\u00e9cnico<br \/>\nPor meio do Programa Rede, outra parceria com a Secretaria de Educa\u00e7\u00e3o do Estado, o Centro Paula Souza estende o Ensino T\u00e9cnico Integrado ao M\u00e9dio \u00e0s escolas estaduais. S\u00e3o 12.255 vagas para essa modalidade, o que representa um crescimento de 4.633 vagas (60%) em rela\u00e7\u00e3o ao 1\u00ba semestre de 2012 (7.622). Desse total, 2.452 s\u00e3o oferecidas na rede estadual de duas maneiras. O aluno ter\u00e1:<\/p>\n<p>* aulas do Ensino M\u00e9dio em uma escola estadual e as do curso t\u00e9cnico em uma Etec (modalidade interdependente) ou<\/p>\n<p>* aulas do Ensino M\u00e9dio e do curso t\u00e9cnico na mesma escola estadual.<\/p>\n<p>Certifica\u00e7\u00e3o por compet\u00eancias<br \/>\nO atual processo seletivo tamb\u00e9m oferece vagas remanescentes de segundo m\u00f3dulo para nove cursos t\u00e9cnicos: Administra\u00e7\u00e3o, Alimentos, Contabilidade, Edifica\u00e7\u00f5es, Eletr\u00f4nica, Eletrot\u00e9cnica, Inform\u00e1tica, Log\u00edstica e Mec\u00e2nica.<\/p>\n<p>Para se inscrever os interessados devem ter conclu\u00eddo o Ensino M\u00e9dio e ter experi\u00eancia profissional na \u00e1rea do curso, o que ser\u00e1 verificado por uma prova com quest\u00f5es de m\u00faltipla escolha (realizada na mesma data do Vestibulinho).<\/p>\n<p>Novidades<br \/>\nEntre os 117 cursos t\u00e9cnicos oferecidos, dois s\u00e3o in\u00e9ditos: Biotecnologia, em Campinas, e Esportes e Atividade F\u00edsica, em S\u00e3o Paulo. Outra novidade do atual processo seletivo \u00e9 a oferta na modalidade integrada ao M\u00e9dio dos cursos t\u00e9cnicos de Comunica\u00e7\u00e3o Visual (Americana, Leme e S\u00e3o Paulo), Eventos (Atibaia), Florestas (S\u00e3o Manoel) e Modelagem do Vestu\u00e1rio (S\u00e3o Paulo).<\/p>\n<p>Quatro cursos tiveram nomenclatura atualizada para se adequar ao Cat\u00e1logo Nacional de Cursos T\u00e9cnicos do Minist\u00e9rio da Educa\u00e7\u00e3o (MEC):<\/p>\n<p>Cuidador de Idosos para Cuidados de Idosos<br \/>\nGest\u00e3o P\u00fablica para Gest\u00e3o de Pol\u00edticas P\u00fablicas<br \/>\nMuseu para Museologia<br \/>\nTecelagem para T\u00eaxtil<\/p>\n<p>Inscri\u00e7\u00f5es<br \/>\nPara concorrer a uma das vagas do Vestibulinho para o Ensino M\u00e9dio e do Ensino T\u00e9cnico Integrado ao M\u00e9dio, o candidato deve ter conclu\u00eddo o Ensino Fundamental nas modalidades regular, Educa\u00e7\u00e3o de Jovens e Adultos (EJA) ou o Exame Nacional para Certifica\u00e7\u00e3o de Compet\u00eancias de Jovens e Adultos (Encceja). Os que pretendem fazer o Ensino T\u00e9cnico precisam ter conclu\u00eddo ou estar cursando a partir do 2\u00ba ano do Ensino M\u00e9dio. O candidato que concluiu ou est\u00e1 cursando o ensino de EJA ou o Encceja deve ter o certificado de conclus\u00e3o do Ensino M\u00e9dio, declara\u00e7\u00e3o de que est\u00e1 matriculado a partir do 2\u00ba semestre da EJA, ou ter dois certificados de aprova\u00e7\u00e3o em \u00e1reas de estudos da EJA ou boletim de aprova\u00e7\u00e3o do Encceja em duas \u00e1reas de estudos avaliadas.<\/p>\n<p>A inscri\u00e7\u00e3o para o processo seletivo deve ser feita exclusivamente pela internet, pelo site www.vestibulinhoetec.com.br, entre 30 de outubro e 5 de novembro \u2013 no \u00faltimo dia o prazo termina \u00e0s 15 horas. Para efetivar a inscri\u00e7\u00e3o \u00e9 preciso imprimir o boleto banc\u00e1rio e pagar a taxa de R$ 25, em dinheiro em qualquer ag\u00eancia banc\u00e1ria.<\/p>\n<p>O Manual do Candidato tamb\u00e9m est\u00e1 dispon\u00edvel para download no site<\/p>\n<p>Inclus\u00e3o social<br \/>\nO Sistema de Pontua\u00e7\u00e3o Acrescida concede b\u00f4nus de 3% a estudantes afrodescendentes e de 10% a candidatos oriundos da rede p\u00fablica. Caso o aluno se enquadre nas duas situa\u00e7\u00f5es, obt\u00e9m 13% de b\u00f4nus.<br \/>\nPara ter direito ao b\u00f4nus, os candidatos afrodescendentes e\/ou oriundos da rede p\u00fablica devem fazer a autodeclara\u00e7\u00e3o no ato da inscri\u00e7\u00e3o.<\/p>\n<p>O candidato tamb\u00e9m deve informar, no momento da inscri\u00e7\u00e3o, se cursou integralmente da 5\u00aa a 8\u00aa s\u00e9rie ou do 6\u00ba ao 9\u00ba ano do Ensino Fundamental em institui\u00e7\u00e3o p\u00fablica municipal, estadual ou federal. A comprova\u00e7\u00e3o deve ser feita no ato da matr\u00edcula, por meio do hist\u00f3rico escolar do Ensino Fundamental ou a declara\u00e7\u00e3o escolar, discriminada s\u00e9rie a s\u00e9rie.<\/p>\n<p>\u00c9 imprescind\u00edvel que o candidato se certifique se realmente tem direito \u00e0 pontua\u00e7\u00e3o acrescida, pois a matr\u00edcula n\u00e3o poder\u00e1 ser realizada e a vaga ser\u00e1 perdida caso as informa\u00e7\u00f5es n\u00e3o atendam \u00e0s condi\u00e7\u00f5es estabelecidas em sua totalidade.<\/p>\n<p>Outras informa\u00e7\u00f5es pelos telefones (11) 3471-4071 (Capital e Grande S\u00e3o Paulo) e 0800-772 2829 (demais localidades) e pelo site <a href=\"http:\/\/www.vestibulinhoetec.com.br\" target=\"_blank\">www.vestibulinhoetec.com.br<\/a><\/p>\n","protected":false},"excerpt":{"rendered":"<p>Vestibulinho Etecs &#8211;\u00a0As inscri\u00e7\u00f5es do processo seletivo das Escolas T\u00e9cnicas Estaduais (Etecs) para o 1\u00ba semestre de 2013 ser\u00e3o reabertas nesta ter\u00e7a, 30, e v\u00e3o at\u00e9 \u00e0s 15 horas do dia 5 de novembro. O valor da taxa \u00e9 de R$ 25. O exame ser\u00e1 no dia 2 de dezembro. Ao todo, as mais de [&hellip;]<\/p>\n","protected":false},"author":3,"featured_media":34770,"comment_status":"open","ping_status":"closed","sticky":false,"template":"","format":"standard","meta":{"_genesis_hide_title":false,"_genesis_hide_breadcrumbs":false,"_genesis_hide_singular_image":false,"_genesis_hide_footer_widgets":false,"_genesis_custom_body_class":"","_genesis_custom_post_class":"","_genesis_layout":"","_jetpack_memberships_contains_paid_content":false,"footnotes":""},"categories":[22,370,295],"tags":[],"class_list":{"0":"post-41251","1":"post","2":"type-post","3":"status-publish","4":"format-standard","5":"has-post-thumbnail","7":"category-brasil","8":"category-inscricao","9":"category-vestibular","10":"entry","11":"gs-1","12":"gs-odd","13":"gs-even","14":"gs-featured-content-entry"},"jetpack_featured_media_url":"https:\/\/www.redenoticia.com.br\/noticia\/imagens\/vestibular1.jpg","jetpack_sharing_enabled":true,"jetpack_likes_enabled":true,"_links":{"self":[{"href":"https:\/\/www.redenoticia.com.br\/noticia\/wp-json\/wp\/v2\/posts\/41251","targetHints":{"allow":["GET"]}}],"collection":[{"href":"https:\/\/www.redenoticia.com.br\/noticia\/wp-json\/wp\/v2\/posts"}],"about":[{"href":"https:\/\/www.redenoticia.com.br\/noticia\/wp-json\/wp\/v2\/types\/post"}],"author":[{"embeddable":true,"href":"https:\/\/www.redenoticia.com.br\/noticia\/wp-json\/wp\/v2\/users\/3"}],"replies":[{"embeddable":true,"href":"https:\/\/www.redenoticia.com.br\/noticia\/wp-json\/wp\/v2\/comments?post=41251"}],"version-history":[{"count":0,"href":"https:\/\/www.redenoticia.com.br\/noticia\/wp-json\/wp\/v2\/posts\/41251\/revisions"}],"wp:featuredmedia":[{"embeddable":true,"href":"https:\/\/www.redenoticia.com.br\/noticia\/wp-json\/wp\/v2\/media\/34770"}],"wp:attachment":[{"href":"https:\/\/www.redenoticia.com.br\/noticia\/wp-json\/wp\/v2\/media?parent=41251"}],"wp:term":[{"taxonomy":"category","embeddable":true,"href":"https:\/\/www.redenoticia.com.br\/noticia\/wp-json\/wp\/v2\/categories?post=41251"},{"taxonomy":"post_tag","embeddable":true,"href":"https:\/\/www.redenoticia.com.br\/noticia\/wp-json\/wp\/v2\/tags?post=41251"}],"curies":[{"name":"wp","href":"https:\/\/api.w.org\/{rel}","templated":true}]}}