{"id":41210,"date":"2012-10-25T15:38:24","date_gmt":"2012-10-25T17:38:24","guid":{"rendered":"http:\/\/www.redenoticia.com.br\/noticia\/?p=41210"},"modified":"2012-10-25T15:38:24","modified_gmt":"2012-10-25T17:38:24","slug":"indice-de-inadimplencia-volta-a-crescer-em-outubro","status":"publish","type":"post","link":"https:\/\/www.redenoticia.com.br\/noticia\/2012\/indice-de-inadimplencia-volta-a-crescer-em-outubro\/41210","title":{"rendered":"\u00cdndice de inadimpl\u00eancia volta a crescer em outubro"},"content":{"rendered":"<p>Rio de Janeiro \u2013 Depois de atingir, no m\u00eas passado, o menor \u00edndice dos \u00faltimos dois anos, o percentual de fam\u00edlias <em><strong>inadimplentes<\/strong> <\/em>voltou a crescer em outubro. As fam\u00edlias com d\u00edvidas ou contas em atraso passaram de 19,1% em setembro para 20,5% neste m\u00eas, segundo Pesquisa de Endividamento e Inadimpl\u00eancia do Consumidor, divulgada hoje (25) pela Confedera\u00e7\u00e3o Nacional do Com\u00e9rcio (CNC).<\/p>\n<p>O total de fam\u00edlias com d\u00edvidas (n\u00e3o necessariamente em atraso), como cheque pr\u00e9-datado, cart\u00e3o de cr\u00e9dito, carn\u00ea de loja, empr\u00e9stimo pessoal, presta\u00e7\u00e3o de carro e seguros, tamb\u00e9m subiu \u2013 de 58,9% em setembro para 59,2% em outubro.<\/p>\n<p>A pesquisa mostra, no entanto, que o total de fam\u00edlias sem condi\u00e7\u00f5es de pagar as contas ou d\u00edvidas atrasadas teve uma leve queda, de 7,1% para 7% entre setembro e outubro.<\/p>\n<p>Na compara\u00e7\u00e3o com o mesmo per\u00edodo do ano passado, todos os indicadores melhoraram, j\u00e1 que, em outubro de 2011, os percentuais eram os seguintes: fam\u00edlias com d\u00edvidas (61,2%), inadimplentes (21,3%) e fam\u00edlias sem condi\u00e7\u00f5es de pagar as contas (8,2%).<\/p>\n<p>Vitor Abdala<br \/>\nRep\u00f3rter da Ag\u00eancia Brasil<\/p>\n<p>Edi\u00e7\u00e3o: L\u00edlian Beraldo<\/p>\n","protected":false},"excerpt":{"rendered":"<p>Rio de Janeiro \u2013 Depois de atingir, no m\u00eas passado, o menor \u00edndice dos \u00faltimos dois anos, o percentual de fam\u00edlias inadimplentes voltou a crescer em outubro. As fam\u00edlias com d\u00edvidas ou contas em atraso passaram de 19,1% em setembro para 20,5% neste m\u00eas, segundo Pesquisa de Endividamento e Inadimpl\u00eancia do Consumidor, divulgada hoje (25) [&hellip;]<\/p>\n","protected":false},"author":3,"featured_media":38940,"comment_status":"open","ping_status":"closed","sticky":false,"template":"","format":"standard","meta":{"_genesis_hide_title":false,"_genesis_hide_breadcrumbs":false,"_genesis_hide_singular_image":false,"_genesis_hide_footer_widgets":false,"_genesis_custom_body_class":"","_genesis_custom_post_class":"","_genesis_layout":"","_jetpack_memberships_contains_paid_content":false,"footnotes":""},"categories":[22,7],"tags":[],"class_list":{"0":"post-41210","1":"post","2":"type-post","3":"status-publish","4":"format-standard","5":"has-post-thumbnail","7":"category-brasil","8":"category-economia","9":"entry","10":"gs-1","11":"gs-odd","12":"gs-even","13":"gs-featured-content-entry"},"jetpack_featured_media_url":"https:\/\/www.redenoticia.com.br\/noticia\/imagens\/grafico.jpg","jetpack_sharing_enabled":true,"jetpack_likes_enabled":true,"_links":{"self":[{"href":"https:\/\/www.redenoticia.com.br\/noticia\/wp-json\/wp\/v2\/posts\/41210","targetHints":{"allow":["GET"]}}],"collection":[{"href":"https:\/\/www.redenoticia.com.br\/noticia\/wp-json\/wp\/v2\/posts"}],"about":[{"href":"https:\/\/www.redenoticia.com.br\/noticia\/wp-json\/wp\/v2\/types\/post"}],"author":[{"embeddable":true,"href":"https:\/\/www.redenoticia.com.br\/noticia\/wp-json\/wp\/v2\/users\/3"}],"replies":[{"embeddable":true,"href":"https:\/\/www.redenoticia.com.br\/noticia\/wp-json\/wp\/v2\/comments?post=41210"}],"version-history":[{"count":0,"href":"https:\/\/www.redenoticia.com.br\/noticia\/wp-json\/wp\/v2\/posts\/41210\/revisions"}],"wp:featuredmedia":[{"embeddable":true,"href":"https:\/\/www.redenoticia.com.br\/noticia\/wp-json\/wp\/v2\/media\/38940"}],"wp:attachment":[{"href":"https:\/\/www.redenoticia.com.br\/noticia\/wp-json\/wp\/v2\/media?parent=41210"}],"wp:term":[{"taxonomy":"category","embeddable":true,"href":"https:\/\/www.redenoticia.com.br\/noticia\/wp-json\/wp\/v2\/categories?post=41210"},{"taxonomy":"post_tag","embeddable":true,"href":"https:\/\/www.redenoticia.com.br\/noticia\/wp-json\/wp\/v2\/tags?post=41210"}],"curies":[{"name":"wp","href":"https:\/\/api.w.org\/{rel}","templated":true}]}}