{"id":41142,"date":"2012-10-19T14:42:56","date_gmt":"2012-10-19T17:42:56","guid":{"rendered":"http:\/\/www.redenoticia.com.br\/noticia\/?p=41142"},"modified":"2012-10-22T12:38:22","modified_gmt":"2012-10-22T14:38:22","slug":"coordenadores-do-enem-2012-recebem-capacitacao","status":"publish","type":"post","link":"https:\/\/www.redenoticia.com.br\/noticia\/2012\/coordenadores-do-enem-2012-recebem-capacitacao\/41142","title":{"rendered":"Coordenadores do Enem 2012 recebem capacita\u00e7\u00e3o"},"content":{"rendered":"<p>Os Coordenadores de Polo do Cespe\/UnB que v\u00e3o atuar na aplica\u00e7\u00e3o do <em><strong>Enem 2012<\/strong><\/em> come\u00e7aram a respirar o ambiente dos dias da prova. Um curso de capacita\u00e7\u00e3o realizado nesta quinta-feira (18\/10) \u00e9 o in\u00edcio do preparo para a fun\u00e7\u00e3o de Coordenador do Exame. A partir deste fim de semana, os 81 participantes do treinamento viajam aos 14 estados onde o Cespe\/UnB aplicar\u00e1 a prova para repassar as instru\u00e7\u00f5es recebidas aos demais Coordenadores do evento.<\/p>\n<p>A capacita\u00e7\u00e3o dos Coordenadores de Polo tem como base todo o fluxograma de aplica\u00e7\u00e3o do Enem 2012. Os procedimentos e material do atendimento especial, que s\u00e3o recursos oferecidos aos candidatos com defici\u00eancia para a resolu\u00e7\u00e3o das provas de modo ison\u00f4mico em rela\u00e7\u00e3o aos demais candidatos, tamb\u00e9m foram detalhados.<\/p>\n<p>MULTIPLICADORES\u00a0\u2013 A Coordenadora de Log\u00edstica do Cespe\/UnB, Jaqueline Marques, ressalta que a equipe de Coordena\u00e7\u00e3o do Centro tem experi\u00eancia em aplica\u00e7\u00e3o de provas, mas \u00e9 fundamental que aprofundem e revejam todas as instru\u00e7\u00f5es em fun\u00e7\u00e3o de novos procedimentos que ser\u00e3o adotados para aperfei\u00e7oar a aplica\u00e7\u00e3o do Exame. \u201cOs Coordenadores de Polo do Cespe\/UnB v\u00e3o multiplicar as instru\u00e7\u00f5es que receberam na capacita\u00e7\u00e3o com as equipes que se encontram nas cidades polo dos estados. Nessas localidades, eles v\u00e3o estar reunidos nas pr\u00f3ximas semanas com os Coordenadores Estaduais e os Coordenadores Municipais, que s\u00e3o das cidades vizinhas\u201d, explica Jaqueline Marques.<\/p>\n<p>Os Coordenadores Municipais ser\u00e3o respons\u00e1veis por multiplicar as instru\u00e7\u00f5es entre os Coordenadores de Aplica\u00e7\u00e3o, que atuar\u00e3o nas cidades de prova. J\u00e1 os Aplicadores e Chefes de Sala ser\u00e3o instru\u00eddos pelos Coordenadores de Aplica\u00e7\u00e3o na v\u00e9spera ou no primeiro dia de prova.<\/p>\n<p>O treinamento ser\u00e1 refor\u00e7ado com manuais para as fun\u00e7\u00f5es de Coordena\u00e7\u00e3o, Chefes de Sala e para os colaboradores que realizar\u00e3o os atendimentos especiais. O material est\u00e1 sendo distribu\u00eddo pelos Coordenadores de Polo. Um v\u00eddeo de instru\u00e7\u00e3o tamb\u00e9m ser\u00e1 disponibilizado para as equipes envolvidas.<\/p>\n<p>O Cespe\/UnB aplicar\u00e1 o Enem 2012 em 852 munic\u00edpios. Ao todo, 268.742 colaboradores, entre Coordenadores, Chefes de Sala, Aplicadores, Seguran\u00e7as, Porteiros e outras fun\u00e7\u00f5es, estar\u00e3o trabalhando na aplica\u00e7\u00e3o do Exame, nos dias 3 e 4 de novembro. A aplica\u00e7\u00e3o ser\u00e1 em cons\u00f3rcio entre o Cespe\/UnB e a Cesgranrio.<\/p>\n<p>O Diretor-Geral do Cespe\/UnB, Ricardo Carmona, acredita no m\u00e1ximo de empenho dos Coordenadores durante a aplica\u00e7\u00e3o. \u201cA constante evolu\u00e7\u00e3o dos recursos de Log\u00edstica para o Enem nos deixa confiantes. Mais uma vez, o Cespe\/UnB contribuir\u00e1 para um processo de grande magnitude\u201d, avalia ele, acrescentando que a sociedade j\u00e1 assimilou a import\u00e2ncia do Enem para a educa\u00e7\u00e3o brasileira.<\/p>\n<p>As Coordena\u00e7\u00f5es do Cespe\/UnB para o Enem 2012<br \/>\nEm 14 estados, o Cespe\/UnB contar\u00e1 com 6.360 colaboradores que atuar\u00e3o nas fun\u00e7\u00f5es de Coordenadores de Polo, Coordenadores Estaduais, Coordenadores de Munic\u00edpio e Coordenadores de Aplica\u00e7\u00e3o. Para o apoio destes profissionais, foram constitu\u00eddos 70 polos de treinamento, onde as instru\u00e7\u00f5es para a aplica\u00e7\u00e3o s\u00e3o repassadas. O Cespe\/UnB aplicar\u00e1 as provas do Enem 2012 em 852 munic\u00edpios, onde 268.742 colaboradores, entre Coordenadores, Chefes de Sala, Aplicadores, Seguran\u00e7as, Porteiros e outras fun\u00e7\u00f5es, estar\u00e3o trabalhando em cada dia de aplica\u00e7\u00e3o do Exame.<\/p>\n<p>Wilton Castro<br \/>\nDa Assessoria T\u00e9cnica de Comunica\u00e7\u00e3o do Cespe\/UnB<\/p>\n","protected":false},"excerpt":{"rendered":"<p>Os Coordenadores de Polo do Cespe\/UnB que v\u00e3o atuar na aplica\u00e7\u00e3o do Enem 2012 come\u00e7aram a respirar o ambiente dos dias da prova. Um curso de capacita\u00e7\u00e3o realizado nesta quinta-feira (18\/10) \u00e9 o in\u00edcio do preparo para a fun\u00e7\u00e3o de Coordenador do Exame. A partir deste fim de semana, os 81 participantes do treinamento viajam [&hellip;]<\/p>\n","protected":false},"author":3,"featured_media":36938,"comment_status":"open","ping_status":"closed","sticky":false,"template":"","format":"standard","meta":{"_genesis_hide_title":false,"_genesis_hide_breadcrumbs":false,"_genesis_hide_singular_image":false,"_genesis_hide_footer_widgets":false,"_genesis_custom_body_class":"","_genesis_custom_post_class":"","_genesis_layout":"","_jetpack_memberships_contains_paid_content":false,"footnotes":""},"categories":[22,370,295],"tags":[],"class_list":{"0":"post-41142","1":"post","2":"type-post","3":"status-publish","4":"format-standard","5":"has-post-thumbnail","7":"category-brasil","8":"category-inscricao","9":"category-vestibular","10":"entry","11":"gs-1","12":"gs-odd","13":"gs-even","14":"gs-featured-content-entry"},"jetpack_featured_media_url":"https:\/\/www.redenoticia.com.br\/noticia\/imagens\/enem-gabarito-resultado.jpg","jetpack_sharing_enabled":true,"jetpack_likes_enabled":true,"_links":{"self":[{"href":"https:\/\/www.redenoticia.com.br\/noticia\/wp-json\/wp\/v2\/posts\/41142","targetHints":{"allow":["GET"]}}],"collection":[{"href":"https:\/\/www.redenoticia.com.br\/noticia\/wp-json\/wp\/v2\/posts"}],"about":[{"href":"https:\/\/www.redenoticia.com.br\/noticia\/wp-json\/wp\/v2\/types\/post"}],"author":[{"embeddable":true,"href":"https:\/\/www.redenoticia.com.br\/noticia\/wp-json\/wp\/v2\/users\/3"}],"replies":[{"embeddable":true,"href":"https:\/\/www.redenoticia.com.br\/noticia\/wp-json\/wp\/v2\/comments?post=41142"}],"version-history":[{"count":0,"href":"https:\/\/www.redenoticia.com.br\/noticia\/wp-json\/wp\/v2\/posts\/41142\/revisions"}],"wp:featuredmedia":[{"embeddable":true,"href":"https:\/\/www.redenoticia.com.br\/noticia\/wp-json\/wp\/v2\/media\/36938"}],"wp:attachment":[{"href":"https:\/\/www.redenoticia.com.br\/noticia\/wp-json\/wp\/v2\/media?parent=41142"}],"wp:term":[{"taxonomy":"category","embeddable":true,"href":"https:\/\/www.redenoticia.com.br\/noticia\/wp-json\/wp\/v2\/categories?post=41142"},{"taxonomy":"post_tag","embeddable":true,"href":"https:\/\/www.redenoticia.com.br\/noticia\/wp-json\/wp\/v2\/tags?post=41142"}],"curies":[{"name":"wp","href":"https:\/\/api.w.org\/{rel}","templated":true}]}}