{"id":41088,"date":"2012-10-16T15:42:02","date_gmt":"2012-10-16T18:42:02","guid":{"rendered":"http:\/\/www.redenoticia.com.br\/noticia\/?p=41088"},"modified":"2012-10-16T15:42:02","modified_gmt":"2012-10-16T18:42:02","slug":"sao-paulo-e-apresentado-em-lisboa-em-projeto-para-a-copa-2014","status":"publish","type":"post","link":"https:\/\/www.redenoticia.com.br\/noticia\/2012\/sao-paulo-e-apresentado-em-lisboa-em-projeto-para-a-copa-2014\/41088","title":{"rendered":"S\u00e3o Paulo \u00e9 apresentado em Lisboa em projeto para a Copa 2014"},"content":{"rendered":"<p>Divulgar o Brasil e as 12 cidades-sede da <em><strong>Copa do Mundo FIFA 2014<\/strong><\/em> \u00e9 o objetivo do &#8220;Goal to Brasil&#8221; que iniciou em 5 de julho no Chile e j\u00e1 passou por Col\u00f4mbia, Canad\u00e1, Argentina e Fran\u00e7a. A cada edi\u00e7\u00e3o, um Estado tem maior espa\u00e7o para apresentar seus atrativos tur\u00edsticos e, nesta ter\u00e7a-feira, 16, S\u00e3o Paulo ser\u00e1 exibida para 300 convidados do mercado tur\u00edstico portugu\u00eas e imprensa, em Lisboa.<\/p>\n<p>Representando o secret\u00e1rio de turismo do Estado de S\u00e3o Paulo, Cl\u00e1udio Valverde, o diretor da Companhia Paulista de Eventos e Turismo da Pasta, Orlando de Souza apresentar\u00e1 os diversos roteiros tur\u00edsticos paulistas, com destaque para sol e praia, turismo de aventura e cultural, al\u00e9m da diversificada e significativa gastronomia. Estar\u00e1 presente o treinador Felipe Scolari, que comandou a sele\u00e7\u00e3o portuguesa de futebol entre 2003 e 2008.<\/p>\n<p>O card\u00e1pio que vai convencer os portugueses foi preparado com aux\u00edlio da Associa\u00e7\u00e3o Brasil \u00e0 Mesa, que vai oferecer cuscuz paulista, pururuca brasileira, creme de mandioquinha com camar\u00e3o, virado paulista e picadinho de fil\u00e9 mignon com farofa e banana.<\/p>\n<p>Do Portal do Governo do Estado<\/p>\n","protected":false},"excerpt":{"rendered":"<p>Divulgar o Brasil e as 12 cidades-sede da Copa do Mundo FIFA 2014 \u00e9 o objetivo do &#8220;Goal to Brasil&#8221; que iniciou em 5 de julho no Chile e j\u00e1 passou por Col\u00f4mbia, Canad\u00e1, Argentina e Fran\u00e7a. A cada edi\u00e7\u00e3o, um Estado tem maior espa\u00e7o para apresentar seus atrativos tur\u00edsticos e, nesta ter\u00e7a-feira, 16, S\u00e3o [&hellip;]<\/p>\n","protected":false},"author":3,"featured_media":30249,"comment_status":"open","ping_status":"closed","sticky":false,"template":"","format":"standard","meta":{"_genesis_hide_title":false,"_genesis_hide_breadcrumbs":false,"_genesis_hide_singular_image":false,"_genesis_hide_footer_widgets":false,"_genesis_custom_body_class":"","_genesis_custom_post_class":"","_genesis_layout":"","_jetpack_memberships_contains_paid_content":false,"footnotes":""},"categories":[22],"tags":[],"class_list":{"0":"post-41088","1":"post","2":"type-post","3":"status-publish","4":"format-standard","5":"has-post-thumbnail","7":"category-brasil","8":"entry","9":"gs-1","10":"gs-odd","11":"gs-even","12":"gs-featured-content-entry"},"jetpack_featured_media_url":"https:\/\/www.redenoticia.com.br\/noticia\/imagens\/copa-do-mundo-2014.jpg","jetpack_sharing_enabled":true,"jetpack_likes_enabled":true,"_links":{"self":[{"href":"https:\/\/www.redenoticia.com.br\/noticia\/wp-json\/wp\/v2\/posts\/41088","targetHints":{"allow":["GET"]}}],"collection":[{"href":"https:\/\/www.redenoticia.com.br\/noticia\/wp-json\/wp\/v2\/posts"}],"about":[{"href":"https:\/\/www.redenoticia.com.br\/noticia\/wp-json\/wp\/v2\/types\/post"}],"author":[{"embeddable":true,"href":"https:\/\/www.redenoticia.com.br\/noticia\/wp-json\/wp\/v2\/users\/3"}],"replies":[{"embeddable":true,"href":"https:\/\/www.redenoticia.com.br\/noticia\/wp-json\/wp\/v2\/comments?post=41088"}],"version-history":[{"count":0,"href":"https:\/\/www.redenoticia.com.br\/noticia\/wp-json\/wp\/v2\/posts\/41088\/revisions"}],"wp:featuredmedia":[{"embeddable":true,"href":"https:\/\/www.redenoticia.com.br\/noticia\/wp-json\/wp\/v2\/media\/30249"}],"wp:attachment":[{"href":"https:\/\/www.redenoticia.com.br\/noticia\/wp-json\/wp\/v2\/media?parent=41088"}],"wp:term":[{"taxonomy":"category","embeddable":true,"href":"https:\/\/www.redenoticia.com.br\/noticia\/wp-json\/wp\/v2\/categories?post=41088"},{"taxonomy":"post_tag","embeddable":true,"href":"https:\/\/www.redenoticia.com.br\/noticia\/wp-json\/wp\/v2\/tags?post=41088"}],"curies":[{"name":"wp","href":"https:\/\/api.w.org\/{rel}","templated":true}]}}