{"id":41083,"date":"2012-10-16T15:20:56","date_gmt":"2012-10-16T18:20:56","guid":{"rendered":"http:\/\/www.redenoticia.com.br\/noticia\/?p=41083"},"modified":"2012-10-16T15:20:56","modified_gmt":"2012-10-16T18:20:56","slug":"precos-dos-alimentos-ajudam-a-segurar-a-inflacao","status":"publish","type":"post","link":"https:\/\/www.redenoticia.com.br\/noticia\/2012\/precos-dos-alimentos-ajudam-a-segurar-a-inflacao\/41083","title":{"rendered":"Pre\u00e7os dos alimentos ajudam a segurar a infla\u00e7\u00e3o"},"content":{"rendered":"<p>S\u00e3o Paulo &#8211; O \u00cdndice de Pre\u00e7os ao Consumidor Semanal (<em><strong>IPC-S<\/strong><\/em>), medido pelo Instituto Brasileiro de Economia (Ibre), da Funda\u00e7\u00e3o Getulio Vargas (FGV), atingiu 0,62%, na segunda pr\u00e9via de outubro, o que significa uma queda de 0,02 ponto percentual em compara\u00e7\u00e3o \u00e0 primeira apura\u00e7\u00e3o do m\u00eas (0,64%).<\/p>\n<p>Os alimentos continuam no topo da lista dos grupos de despesas que mais t\u00eam subido, mas colaborou para frear o ritmo de aumentos de pre\u00e7os, com taxa de 1,22% ante 1,38%. Entre os itens que influenciaram o resultado est\u00e3o as hortali\u00e7as e os legumes, com defla\u00e7\u00e3o de 4,17% ante uma queda de 2,11%.<\/p>\n<p>Mais duas classes de despesas, de um total de oito pesquisadas, tiveram decr\u00e9scimos: vestu\u00e1rio (de 1,1% para 0,78%) com as roupas, em m\u00e9dia, 0,74% mais caras, ante o percentual de 1,18%, e despesas diversas (de 0,35% para 0,30%). Nesse \u00faltimo caso, a redu\u00e7\u00e3o no ritmo de alta est\u00e1 associada ao servi\u00e7o religioso e funer\u00e1rio, cuja taxa passou de 0,85% para 0,51%.<\/p>\n<p>Segundo a FGV, ocorreram aumentos nos seguintes grupos: educa\u00e7\u00e3o, leitura e recrea\u00e7\u00e3o (de 0,01% para 0,1%), com destaque para passagem a\u00e9rea (de -0,93% para 0,74%); sa\u00fade e cuidados pessoais (de 0,51% para 0,59%), com a influ\u00eancia de artigos de higiene pessoal e cuidado pessoal (de 0,88% para 1,33%); comunica\u00e7\u00e3o (de 0,62% para 0,69%), sob o efeito da tarifa de telefone m\u00f3vel (de 1,28% para 1,65%); transportes (de 0,13% para 0,16%), aumento puxado pela gasolina (de 0,08% para 0,23%); e habita\u00e7\u00e3o (de 0,49% para 0,51%) com a principal press\u00e3o vinda do aluguel, que ficou 0,63% mais caro, ante uma taxa de 0,46%.<\/p>\n<p>Marli Moreira<br \/>\nRep\u00f3rter da Ag\u00eancia Brasil<br \/>\nEdi\u00e7\u00e3o: Juliana Andrade<\/p>\n","protected":false},"excerpt":{"rendered":"<p>S\u00e3o Paulo &#8211; O \u00cdndice de Pre\u00e7os ao Consumidor Semanal (IPC-S), medido pelo Instituto Brasileiro de Economia (Ibre), da Funda\u00e7\u00e3o Getulio Vargas (FGV), atingiu 0,62%, na segunda pr\u00e9via de outubro, o que significa uma queda de 0,02 ponto percentual em compara\u00e7\u00e3o \u00e0 primeira apura\u00e7\u00e3o do m\u00eas (0,64%). Os alimentos continuam no topo da lista dos [&hellip;]<\/p>\n","protected":false},"author":3,"featured_media":40517,"comment_status":"open","ping_status":"closed","sticky":false,"template":"","format":"standard","meta":{"_genesis_hide_title":false,"_genesis_hide_breadcrumbs":false,"_genesis_hide_singular_image":false,"_genesis_hide_footer_widgets":false,"_genesis_custom_body_class":"","_genesis_custom_post_class":"","_genesis_layout":"","_jetpack_memberships_contains_paid_content":false,"footnotes":""},"categories":[22,7],"tags":[],"class_list":{"0":"post-41083","1":"post","2":"type-post","3":"status-publish","4":"format-standard","5":"has-post-thumbnail","7":"category-brasil","8":"category-economia","9":"entry","10":"gs-1","11":"gs-odd","12":"gs-even","13":"gs-featured-content-entry"},"jetpack_featured_media_url":"https:\/\/www.redenoticia.com.br\/noticia\/imagens\/economia-previsao.jpg","jetpack_sharing_enabled":true,"jetpack_likes_enabled":true,"_links":{"self":[{"href":"https:\/\/www.redenoticia.com.br\/noticia\/wp-json\/wp\/v2\/posts\/41083","targetHints":{"allow":["GET"]}}],"collection":[{"href":"https:\/\/www.redenoticia.com.br\/noticia\/wp-json\/wp\/v2\/posts"}],"about":[{"href":"https:\/\/www.redenoticia.com.br\/noticia\/wp-json\/wp\/v2\/types\/post"}],"author":[{"embeddable":true,"href":"https:\/\/www.redenoticia.com.br\/noticia\/wp-json\/wp\/v2\/users\/3"}],"replies":[{"embeddable":true,"href":"https:\/\/www.redenoticia.com.br\/noticia\/wp-json\/wp\/v2\/comments?post=41083"}],"version-history":[{"count":0,"href":"https:\/\/www.redenoticia.com.br\/noticia\/wp-json\/wp\/v2\/posts\/41083\/revisions"}],"wp:featuredmedia":[{"embeddable":true,"href":"https:\/\/www.redenoticia.com.br\/noticia\/wp-json\/wp\/v2\/media\/40517"}],"wp:attachment":[{"href":"https:\/\/www.redenoticia.com.br\/noticia\/wp-json\/wp\/v2\/media?parent=41083"}],"wp:term":[{"taxonomy":"category","embeddable":true,"href":"https:\/\/www.redenoticia.com.br\/noticia\/wp-json\/wp\/v2\/categories?post=41083"},{"taxonomy":"post_tag","embeddable":true,"href":"https:\/\/www.redenoticia.com.br\/noticia\/wp-json\/wp\/v2\/tags?post=41083"}],"curies":[{"name":"wp","href":"https:\/\/api.w.org\/{rel}","templated":true}]}}