{"id":41018,"date":"2012-10-10T18:00:13","date_gmt":"2012-10-10T21:00:13","guid":{"rendered":"http:\/\/www.redenoticia.com.br\/noticia\/?p=41018"},"modified":"2012-10-10T18:00:32","modified_gmt":"2012-10-10T21:00:32","slug":"frente-fria-avanca-em-direcao-ao-sudeste","status":"publish","type":"post","link":"https:\/\/www.redenoticia.com.br\/noticia\/2012\/frente-fria-avanca-em-direcao-ao-sudeste\/41018","title":{"rendered":"Frente fria avan\u00e7a em dire\u00e7\u00e3o ao Sudeste"},"content":{"rendered":"<p>A <em><strong>frente fria<\/strong> <\/em>que atua no Sul do pa\u00eds j\u00e1 causou muita chuva no Rio Grande do Sul, especialmente sobre a Campanha na ter\u00e7a-feira. Os acumulados chegaram a quase 70% da m\u00e9dia no munic\u00edpio de S\u00e3o Gabriel, rios transbordaram, invadindo ruas e casas de Bag\u00e9, Quara\u00ed e Alegrete. O sistema avan\u00e7ou pelo norte ga\u00facho e os maiores acumulados das \u00faltimas horas foram registrados na regi\u00e3o.<\/p>\n<p>Enquanto as chuvas atingem o Sul do pa\u00eds, uma grande massa de ar seco e quente toma conta do interior do Sudeste e Nordeste, inibindo a forma\u00e7\u00e3o de nuvens de chuva e deixando a temperatura bastante elevada. Ontem, a m\u00e1xima passou dos 38\u00baC nos munic\u00edpios de Floriano-PI, Teresina-PI, Esperantina-PI, Colinas-MA e Alto Parna\u00edba-MA.<\/p>\n<p>Com o tempo seco e quente, a umidade relativa do ar tem ficado muito baixa. Entre ontem e hoje foram registrados 1244 queimadas, sendo o Tocantins o Estado recordista com 289 focos, seguido pelo Par\u00e1 com 267.<\/p>\n<p>Previs\u00e3o para os pr\u00f3ximos dias<br \/>\nAs chuvas j\u00e1 diminu\u00edram no Rio Grande do Sul e agora atingem os Estados de Santa Catarina e Paran\u00e1. Aos poucos, a frente fria avan\u00e7a em dire\u00e7\u00e3o ao Sudeste do pa\u00eds e segundo previs\u00e3o da Somar Meteorologia, at\u00e9 o fim de semana as chuvas atingem, al\u00e9m do Sudeste, boa parte do Centro-Oeste e Norte do Brasil. J\u00e1 no Nordeste, as chuvas seguem restritas a costa leste. Com o avan\u00e7o de uma massa de ar frio, as temperaturas entram em decl\u00ednio na Regi\u00e3o Sul a partir de hoje e no Sudeste a partir de amanh\u00e3. Nas demais \u00e1reas do pa\u00eds o calor predomina.<\/p>\n","protected":false},"excerpt":{"rendered":"<p>A frente fria que atua no Sul do pa\u00eds j\u00e1 causou muita chuva no Rio Grande do Sul, especialmente sobre a Campanha na ter\u00e7a-feira. Os acumulados chegaram a quase 70% da m\u00e9dia no munic\u00edpio de S\u00e3o Gabriel, rios transbordaram, invadindo ruas e casas de Bag\u00e9, Quara\u00ed e Alegrete. O sistema avan\u00e7ou pelo norte ga\u00facho e [&hellip;]<\/p>\n","protected":false},"author":3,"featured_media":28410,"comment_status":"open","ping_status":"closed","sticky":false,"template":"","format":"standard","meta":{"_genesis_hide_title":false,"_genesis_hide_breadcrumbs":false,"_genesis_hide_singular_image":false,"_genesis_hide_footer_widgets":false,"_genesis_custom_body_class":"","_genesis_custom_post_class":"","_genesis_layout":"","_jetpack_memberships_contains_paid_content":false,"footnotes":""},"categories":[22,327],"tags":[],"class_list":{"0":"post-41018","1":"post","2":"type-post","3":"status-publish","4":"format-standard","5":"has-post-thumbnail","7":"category-brasil","8":"category-clima","9":"entry","10":"gs-1","11":"gs-odd","12":"gs-even","13":"gs-featured-content-entry"},"jetpack_featured_media_url":"https:\/\/www.redenoticia.com.br\/noticia\/imagens\/previsao-do-tempo-temperatura.jpg","jetpack_sharing_enabled":true,"jetpack_likes_enabled":true,"_links":{"self":[{"href":"https:\/\/www.redenoticia.com.br\/noticia\/wp-json\/wp\/v2\/posts\/41018","targetHints":{"allow":["GET"]}}],"collection":[{"href":"https:\/\/www.redenoticia.com.br\/noticia\/wp-json\/wp\/v2\/posts"}],"about":[{"href":"https:\/\/www.redenoticia.com.br\/noticia\/wp-json\/wp\/v2\/types\/post"}],"author":[{"embeddable":true,"href":"https:\/\/www.redenoticia.com.br\/noticia\/wp-json\/wp\/v2\/users\/3"}],"replies":[{"embeddable":true,"href":"https:\/\/www.redenoticia.com.br\/noticia\/wp-json\/wp\/v2\/comments?post=41018"}],"version-history":[{"count":0,"href":"https:\/\/www.redenoticia.com.br\/noticia\/wp-json\/wp\/v2\/posts\/41018\/revisions"}],"wp:featuredmedia":[{"embeddable":true,"href":"https:\/\/www.redenoticia.com.br\/noticia\/wp-json\/wp\/v2\/media\/28410"}],"wp:attachment":[{"href":"https:\/\/www.redenoticia.com.br\/noticia\/wp-json\/wp\/v2\/media?parent=41018"}],"wp:term":[{"taxonomy":"category","embeddable":true,"href":"https:\/\/www.redenoticia.com.br\/noticia\/wp-json\/wp\/v2\/categories?post=41018"},{"taxonomy":"post_tag","embeddable":true,"href":"https:\/\/www.redenoticia.com.br\/noticia\/wp-json\/wp\/v2\/tags?post=41018"}],"curies":[{"name":"wp","href":"https:\/\/api.w.org\/{rel}","templated":true}]}}