{"id":40948,"date":"2012-10-05T11:39:20","date_gmt":"2012-10-05T14:39:20","guid":{"rendered":"http:\/\/www.redenoticia.com.br\/noticia\/?p=40948"},"modified":"2012-10-05T11:39:20","modified_gmt":"2012-10-05T14:39:20","slug":"importancia-de-manter-vacinacao-de-idosos-em-dia","status":"publish","type":"post","link":"https:\/\/www.redenoticia.com.br\/noticia\/2012\/importancia-de-manter-vacinacao-de-idosos-em-dia\/40948","title":{"rendered":"Import\u00e2ncia de manter vacina\u00e7\u00e3o de idosos em dia"},"content":{"rendered":"<p>Bras\u00edlia \u2013 Na Semana Nacional do Idoso, o Minist\u00e9rio da Sa\u00fade alerta para a import\u00e2ncia de manter em dia a caderneta de <em><strong>vacina\u00e7\u00e3o<\/strong><\/em> de pessoas com mais de 60 anos e garantir um envelhecimento ativo.<\/p>\n<p>A Caderneta de Sa\u00fade da Pessoa Idosa foi criada em 2007. Com o documento em m\u00e3os, o paciente pode registrar informa\u00e7\u00f5es importantes sobre a sua sa\u00fade, como controle de peso, glicemia e medica\u00e7\u00e3o utilizada.<\/p>\n<p>Segundo o minist\u00e9rio, a vacina contra a gripe, por exemplo, protege contra os tr\u00eas principais tipos de v\u00edrus que circulam no Hemisf\u00e9rio Sul. Dados indicam que o grupo dos idosos \u00e9 o que mais apresenta complica\u00e7\u00f5es provocadas pela doen\u00e7a.<\/p>\n<p>Outras imuniza\u00e7\u00f5es que constam na caderneta do idoso s\u00e3o contra a hepatite B e a febre amarela e tamb\u00e9m a pneumoc\u00f3cica 23-valente (para pacientes com indica\u00e7\u00f5es nos centros de Refer\u00eancia de Imunobiol\u00f3gicos Especiais). As doses s\u00e3o distribu\u00eddas pelas unidades b\u00e1sicas de sa\u00fade.<\/p>\n<p>O minist\u00e9rio ressaltou que cada vacina segue um esquema diferenciado e \u00e9 necess\u00e1rio que o paciente complete o ciclo determinado para cada uma. No caso da hepatite B, \u00e9 preciso tomar tr\u00eas doses \u2013 a segunda 30 dias ap\u00f3s a primeira e a terceira seis meses depois.<\/p>\n<p>\u201cApenas com o esquema completo, a pessoa vai estar devidamente imunizada, pois o organismo vai criar anticorpos em n\u00edveis adequados e a vacina ter\u00e1 uma efic\u00e1cia em torno de 95% a 100%\u201d, informa a pasta.<\/p>\n<p>Paula Laboissi\u00e8re<br \/>\nRep\u00f3rter da Ag\u00eancia Brasil<\/p>\n<p>Edi\u00e7\u00e3o: Juliana Andrade<\/p>\n","protected":false},"excerpt":{"rendered":"<p>Bras\u00edlia \u2013 Na Semana Nacional do Idoso, o Minist\u00e9rio da Sa\u00fade alerta para a import\u00e2ncia de manter em dia a caderneta de vacina\u00e7\u00e3o de pessoas com mais de 60 anos e garantir um envelhecimento ativo. A Caderneta de Sa\u00fade da Pessoa Idosa foi criada em 2007. Com o documento em m\u00e3os, o paciente pode registrar [&hellip;]<\/p>\n","protected":false},"author":3,"featured_media":34747,"comment_status":"open","ping_status":"closed","sticky":false,"template":"","format":"standard","meta":{"_genesis_hide_title":false,"_genesis_hide_breadcrumbs":false,"_genesis_hide_singular_image":false,"_genesis_hide_footer_widgets":false,"_genesis_custom_body_class":"","_genesis_custom_post_class":"","_genesis_layout":"","_jetpack_memberships_contains_paid_content":false,"footnotes":""},"categories":[22,5],"tags":[],"class_list":{"0":"post-40948","1":"post","2":"type-post","3":"status-publish","4":"format-standard","5":"has-post-thumbnail","7":"category-brasil","8":"category-saude-e-vida","9":"entry","10":"gs-1","11":"gs-odd","12":"gs-even","13":"gs-featured-content-entry"},"jetpack_featured_media_url":"https:\/\/www.redenoticia.com.br\/noticia\/imagens\/vacina1.jpg","jetpack_sharing_enabled":true,"jetpack_likes_enabled":true,"_links":{"self":[{"href":"https:\/\/www.redenoticia.com.br\/noticia\/wp-json\/wp\/v2\/posts\/40948","targetHints":{"allow":["GET"]}}],"collection":[{"href":"https:\/\/www.redenoticia.com.br\/noticia\/wp-json\/wp\/v2\/posts"}],"about":[{"href":"https:\/\/www.redenoticia.com.br\/noticia\/wp-json\/wp\/v2\/types\/post"}],"author":[{"embeddable":true,"href":"https:\/\/www.redenoticia.com.br\/noticia\/wp-json\/wp\/v2\/users\/3"}],"replies":[{"embeddable":true,"href":"https:\/\/www.redenoticia.com.br\/noticia\/wp-json\/wp\/v2\/comments?post=40948"}],"version-history":[{"count":0,"href":"https:\/\/www.redenoticia.com.br\/noticia\/wp-json\/wp\/v2\/posts\/40948\/revisions"}],"wp:featuredmedia":[{"embeddable":true,"href":"https:\/\/www.redenoticia.com.br\/noticia\/wp-json\/wp\/v2\/media\/34747"}],"wp:attachment":[{"href":"https:\/\/www.redenoticia.com.br\/noticia\/wp-json\/wp\/v2\/media?parent=40948"}],"wp:term":[{"taxonomy":"category","embeddable":true,"href":"https:\/\/www.redenoticia.com.br\/noticia\/wp-json\/wp\/v2\/categories?post=40948"},{"taxonomy":"post_tag","embeddable":true,"href":"https:\/\/www.redenoticia.com.br\/noticia\/wp-json\/wp\/v2\/tags?post=40948"}],"curies":[{"name":"wp","href":"https:\/\/api.w.org\/{rel}","templated":true}]}}