{"id":40888,"date":"2012-10-01T16:24:25","date_gmt":"2012-10-01T19:24:25","guid":{"rendered":"http:\/\/www.redenoticia.com.br\/noticia\/?p=40888"},"modified":"2012-10-01T16:24:55","modified_gmt":"2012-10-01T19:24:55","slug":"primeira-semana-de-outubro-tera-algumas-tormentas-no-rio-grande-do-sul","status":"publish","type":"post","link":"https:\/\/www.redenoticia.com.br\/noticia\/2012\/primeira-semana-de-outubro-tera-algumas-tormentas-no-rio-grande-do-sul\/40888","title":{"rendered":"Primeira semana de outubro ter\u00e1 algumas tormentas no Rio Grande do Sul"},"content":{"rendered":"<p>O m\u00eas de outubro come\u00e7a com <em><strong>chuvas no Sul do Brasil<\/strong><\/em> e tempo seco no Sudeste e no Centro-Oeste. Uma frente fria que est\u00e1 estacionada sobre o Rio Grande do Sul provoca o retorno da chuva para o Estado, depois de um fim de semana seco. J\u00e1 na parte central do pa\u00eds as chuvas cessam pelos pr\u00f3ximos dias e uma massa de ar seco toma conta das regi\u00f5es novamente.<\/p>\n<p>Essa frente fria no Estado ga\u00facho coloca a popula\u00e7\u00e3o em alerta, pois al\u00e9m de chuvas causa algumas tormentas isoladas, com rajadas de ventos fortes e queda de granizo. As instabilidades tamb\u00e9m avan\u00e7am por Santa Catarina e apesar da pouca chuva, os ventos est\u00e3o bem fortes no momento, as rajadas alcan\u00e7aram os 103km\/h no cabo de Santa Marta no final da madrugada.<\/p>\n<p>H\u00e1 previs\u00e3o de chuvas para o oeste e sul de Santa Catarina e oeste do Paran\u00e1, por\u00e9m os maiores volumes de chuvas se concentram sobre o Rio Grande do Sul que ter\u00e1 uma semana chuvosa. A frente fria s\u00f3 avan\u00e7a para o restante do pa\u00eds a partir do dia 10 deste m\u00eas, quando o sol volta a predominar na regi\u00e3o Sul.<\/p>\n<p>Mesmo com a previs\u00e3o de tempo seco na primeira semana se outubro para o Sudeste e Centro-Oeste, muita aten\u00e7\u00e3o, pois o m\u00eas deve ter chuvas muito irregulares, o que pode atrapalhar um pouco as condi\u00e7\u00f5es de plantio das lavouras de ver\u00e3o, principalmente da soja planta no Paran\u00e1 e no Mato Grosso. No Nordeste do Brasil o tempo continua seco e com forte calor, inclusive os modelos de previs\u00e3o clim\u00e1tica indicam chuvas para o oeste da regi\u00e3o somente para a \u00faltima semana do m\u00eas.<\/p>\n<p>J\u00e1 em rela\u00e7\u00e3o as temperaturas, o forte calor persiste sobre o Centro-Oeste, Sudeste, Norte e Nordeste do Brasil, onde no decorrer da semana as temperaturas da tarde ultrapassam a casa dos 35\u00b0C. \u201cPara o Sul do Brasil que teve frio extremo na \u00faltima semana de setembro, daqui para frente ter\u00e1 uma padr\u00e3o mais t\u00edpico da Primavera, com varia\u00e7\u00f5es na temperatura, por\u00e9m sem queda brusca nos term\u00f4metros\u201d, afirma o meteorologista da Somar, Paulo Etchichury.<\/p>\n","protected":false},"excerpt":{"rendered":"<p>O m\u00eas de outubro come\u00e7a com chuvas no Sul do Brasil e tempo seco no Sudeste e no Centro-Oeste. Uma frente fria que est\u00e1 estacionada sobre o Rio Grande do Sul provoca o retorno da chuva para o Estado, depois de um fim de semana seco. J\u00e1 na parte central do pa\u00eds as chuvas cessam [&hellip;]<\/p>\n","protected":false},"author":3,"featured_media":28410,"comment_status":"open","ping_status":"closed","sticky":false,"template":"","format":"standard","meta":{"_genesis_hide_title":false,"_genesis_hide_breadcrumbs":false,"_genesis_hide_singular_image":false,"_genesis_hide_footer_widgets":false,"_genesis_custom_body_class":"","_genesis_custom_post_class":"","_genesis_layout":"","_jetpack_memberships_contains_paid_content":false,"footnotes":""},"categories":[22,327,376],"tags":[],"class_list":{"0":"post-40888","1":"post","2":"type-post","3":"status-publish","4":"format-standard","5":"has-post-thumbnail","7":"category-brasil","8":"category-clima","9":"category-clima-brasil","10":"entry","11":"gs-1","12":"gs-odd","13":"gs-even","14":"gs-featured-content-entry"},"jetpack_featured_media_url":"https:\/\/www.redenoticia.com.br\/noticia\/imagens\/previsao-do-tempo-temperatura.jpg","jetpack_sharing_enabled":true,"jetpack_likes_enabled":true,"_links":{"self":[{"href":"https:\/\/www.redenoticia.com.br\/noticia\/wp-json\/wp\/v2\/posts\/40888","targetHints":{"allow":["GET"]}}],"collection":[{"href":"https:\/\/www.redenoticia.com.br\/noticia\/wp-json\/wp\/v2\/posts"}],"about":[{"href":"https:\/\/www.redenoticia.com.br\/noticia\/wp-json\/wp\/v2\/types\/post"}],"author":[{"embeddable":true,"href":"https:\/\/www.redenoticia.com.br\/noticia\/wp-json\/wp\/v2\/users\/3"}],"replies":[{"embeddable":true,"href":"https:\/\/www.redenoticia.com.br\/noticia\/wp-json\/wp\/v2\/comments?post=40888"}],"version-history":[{"count":0,"href":"https:\/\/www.redenoticia.com.br\/noticia\/wp-json\/wp\/v2\/posts\/40888\/revisions"}],"wp:featuredmedia":[{"embeddable":true,"href":"https:\/\/www.redenoticia.com.br\/noticia\/wp-json\/wp\/v2\/media\/28410"}],"wp:attachment":[{"href":"https:\/\/www.redenoticia.com.br\/noticia\/wp-json\/wp\/v2\/media?parent=40888"}],"wp:term":[{"taxonomy":"category","embeddable":true,"href":"https:\/\/www.redenoticia.com.br\/noticia\/wp-json\/wp\/v2\/categories?post=40888"},{"taxonomy":"post_tag","embeddable":true,"href":"https:\/\/www.redenoticia.com.br\/noticia\/wp-json\/wp\/v2\/tags?post=40888"}],"curies":[{"name":"wp","href":"https:\/\/api.w.org\/{rel}","templated":true}]}}