{"id":40848,"date":"2012-09-27T09:33:53","date_gmt":"2012-09-27T12:33:53","guid":{"rendered":"http:\/\/www.redenoticia.com.br\/noticia\/?p=40848"},"modified":"2012-09-27T09:33:53","modified_gmt":"2012-09-27T12:33:53","slug":"temperatura-media-do-pais-deve-permanecer-baixa-neste-inicio-de-primavera","status":"publish","type":"post","link":"https:\/\/www.redenoticia.com.br\/noticia\/2012\/temperatura-media-do-pais-deve-permanecer-baixa-neste-inicio-de-primavera\/40848","title":{"rendered":"Temperatura m\u00e9dia do pa\u00eds deve permanecer baixa neste in\u00edcio de primavera"},"content":{"rendered":"<p>Bras\u00edlia \u2013 Na primeira semana da primavera, a <em><strong>temperatura<\/strong><\/em> m\u00e9dia no pa\u00eds deve continuar caindo. Segundo o Centro de Previs\u00e3o de Tempo e Estudos Clim\u00e1ticos (Cptec), o fen\u00f4meno La Ni\u00f1a est\u00e1 atuando sobre o clima no Brasil, propiciando temperaturas baixas e chuva acima do regular nas regi\u00f5es Sul e Sudeste.<\/p>\n<p>No entanto, a previs\u00e3o do Cptec para o pr\u00f3ximo trimestre na regi\u00e3o Nordeste \u00e9 chuvas abaixo do normal em 40%. J\u00e1 no Sul e Sudeste as chuvas devem ocorre com maior frequ\u00eancia. No Centro-Oeste, as precipita\u00e7\u00f5es devem se manter na normalidade.<\/p>\n<p>O meteorologista Jos\u00e9 Felipe Farias, do Cptec, informou que o pa\u00eds continua sob a influ\u00eancia do fen\u00f4meno La Ni\u00f1a e que as temperaturas em todo o pa\u00eds devem ficar abaixo do normal para esta \u00e9poca do ano.<\/p>\n<p>Ontem (25), uma forte massa de ar frio deixou a regi\u00e3o Sul e parte do Sudeste com temperaturas baixas e tempo inst\u00e1vel. Houve registro de neve na Serra Catarinense, observada durante a noite de ter\u00e7a e a manh\u00e3 desta quarta-feira nos munic\u00edpios de Urubici, S\u00e3o Joaquim e Bom Jardim da Serra.<\/p>\n<p>Para quinta-feira (27), a intensidade do frio deve diminuir, por\u00e9m a temperatura permanecer\u00e1 baixa no sul do Rio de Janeiro, sudeste de Minas Gerais, em Mato Grosso do Sul, no nordeste, leste e sul de S\u00e3o Paulo, centro-leste do Paran\u00e1, em Santa Catarina e no Rio Grande do Sul. A temperatura m\u00e1xima n\u00e3o dever\u00e1 passar dos 20 graus Celsius (\u00b0C).<\/p>\n<p>Da Ag\u00eancia Brasil<br \/>\nEdi\u00e7\u00e3o: Davi Oliveira<\/p>\n","protected":false},"excerpt":{"rendered":"<p>Bras\u00edlia \u2013 Na primeira semana da primavera, a temperatura m\u00e9dia no pa\u00eds deve continuar caindo. Segundo o Centro de Previs\u00e3o de Tempo e Estudos Clim\u00e1ticos (Cptec), o fen\u00f4meno La Ni\u00f1a est\u00e1 atuando sobre o clima no Brasil, propiciando temperaturas baixas e chuva acima do regular nas regi\u00f5es Sul e Sudeste. No entanto, a previs\u00e3o do [&hellip;]<\/p>\n","protected":false},"author":3,"featured_media":28410,"comment_status":"open","ping_status":"closed","sticky":false,"template":"","format":"standard","meta":{"_genesis_hide_title":false,"_genesis_hide_breadcrumbs":false,"_genesis_hide_singular_image":false,"_genesis_hide_footer_widgets":false,"_genesis_custom_body_class":"","_genesis_custom_post_class":"","_genesis_layout":"","_jetpack_memberships_contains_paid_content":false,"footnotes":""},"categories":[22,327,376],"tags":[],"class_list":{"0":"post-40848","1":"post","2":"type-post","3":"status-publish","4":"format-standard","5":"has-post-thumbnail","7":"category-brasil","8":"category-clima","9":"category-clima-brasil","10":"entry","11":"gs-1","12":"gs-odd","13":"gs-even","14":"gs-featured-content-entry"},"jetpack_featured_media_url":"https:\/\/www.redenoticia.com.br\/noticia\/imagens\/previsao-do-tempo-temperatura.jpg","jetpack_sharing_enabled":true,"jetpack_likes_enabled":true,"_links":{"self":[{"href":"https:\/\/www.redenoticia.com.br\/noticia\/wp-json\/wp\/v2\/posts\/40848","targetHints":{"allow":["GET"]}}],"collection":[{"href":"https:\/\/www.redenoticia.com.br\/noticia\/wp-json\/wp\/v2\/posts"}],"about":[{"href":"https:\/\/www.redenoticia.com.br\/noticia\/wp-json\/wp\/v2\/types\/post"}],"author":[{"embeddable":true,"href":"https:\/\/www.redenoticia.com.br\/noticia\/wp-json\/wp\/v2\/users\/3"}],"replies":[{"embeddable":true,"href":"https:\/\/www.redenoticia.com.br\/noticia\/wp-json\/wp\/v2\/comments?post=40848"}],"version-history":[{"count":0,"href":"https:\/\/www.redenoticia.com.br\/noticia\/wp-json\/wp\/v2\/posts\/40848\/revisions"}],"wp:featuredmedia":[{"embeddable":true,"href":"https:\/\/www.redenoticia.com.br\/noticia\/wp-json\/wp\/v2\/media\/28410"}],"wp:attachment":[{"href":"https:\/\/www.redenoticia.com.br\/noticia\/wp-json\/wp\/v2\/media?parent=40848"}],"wp:term":[{"taxonomy":"category","embeddable":true,"href":"https:\/\/www.redenoticia.com.br\/noticia\/wp-json\/wp\/v2\/categories?post=40848"},{"taxonomy":"post_tag","embeddable":true,"href":"https:\/\/www.redenoticia.com.br\/noticia\/wp-json\/wp\/v2\/tags?post=40848"}],"curies":[{"name":"wp","href":"https:\/\/api.w.org\/{rel}","templated":true}]}}