{"id":40786,"date":"2012-09-21T19:08:31","date_gmt":"2012-09-21T22:08:31","guid":{"rendered":"http:\/\/www.redenoticia.com.br\/noticia\/?p=40786"},"modified":"2012-09-21T19:08:31","modified_gmt":"2012-09-21T22:08:31","slug":"europeus-tem-interesse-em-investir-em-portos-e-aeroportos-no-brasil","status":"publish","type":"post","link":"https:\/\/www.redenoticia.com.br\/noticia\/2012\/europeus-tem-interesse-em-investir-em-portos-e-aeroportos-no-brasil\/40786","title":{"rendered":"Europeus t\u00eam interesse em investir em portos e aeroportos no Brasil"},"content":{"rendered":"<p>Bras\u00edlia \u2013 A ministra-chefe da Casa Civil, Gleisi Hoffmann, disse hoje (21) que operadores europeus demonstraram interesse em investir em portos e <em><strong>aeroportos no Brasil<\/strong><\/em>. \u201cO Porto de Roterd\u00e3 [na Holanda] tem interesse, com um grupo de investidores brasileiros, em fazer investimentos no Esp\u00edrito Santo. \u00c9 alentador saber que o Brasil desperta esse interesse.\u201d<\/p>\n<p>Durante o programa Bom Dia, Ministro, produzido pela Secretaria de Comunica\u00e7\u00e3o Social da Presid\u00eancia da Rep\u00fablica em parceria com a EBC Servi\u00e7os, informou disse que o governo brasileiro consultou tamb\u00e9m a administradora do Aeroporto de Frankfurt, na Alemanha, na tentativa de formar uma parceria com a Empresa Brasileira de Infraestrutura Aeroportu\u00e1ria (Infraero).<\/p>\n<p>\u201cPara a Infraero poder ser, junto com uma empresa desse porte, uma empresa com capacidade, compet\u00eancia e boa gest\u00e3o para administrar nossos aeroportos. Eles [operadores alem\u00e3es] t\u00eam interesse. Fizeram uma s\u00e9rie de propostas de formas de participar dessa parceria. Estamos estudando isso agora\u201d, explicou.<\/p>\n<p>Segundo a ministra, o governo brasileiro ainda n\u00e3o definiu as linhas a serem adotadas para melhorar a gest\u00e3o aeroportu\u00e1ria no pa\u00eds. Gleisi garantiu apenas que a Infraero n\u00e3o ficar\u00e1 de fora e ter\u00e1 algum tipo de participa\u00e7\u00e3o no novo modelo.<\/p>\n<p>\u201cA Infraero sempre ter\u00e1 participa\u00e7\u00e3o. \u00c9 nossa empresa, \u00e9 uma empresa que tem se esfor\u00e7ado e crescido muito na gest\u00e3o aeroportu\u00e1ria. Qualquer que seja o modelo, a Infraero ter\u00e1 participa\u00e7\u00e3o\u201d, concluiu.<\/p>\n<p>Paula Laboissi\u00e8re<br \/>\nRep\u00f3rter da Ag\u00eancia Brasil<br \/>\nEdi\u00e7\u00e3o: Juliana Andrade<\/p>\n","protected":false},"excerpt":{"rendered":"<p>Bras\u00edlia \u2013 A ministra-chefe da Casa Civil, Gleisi Hoffmann, disse hoje (21) que operadores europeus demonstraram interesse em investir em portos e aeroportos no Brasil. \u201cO Porto de Roterd\u00e3 [na Holanda] tem interesse, com um grupo de investidores brasileiros, em fazer investimentos no Esp\u00edrito Santo. \u00c9 alentador saber que o Brasil desperta esse interesse.\u201d Durante [&hellip;]<\/p>\n","protected":false},"author":3,"featured_media":40787,"comment_status":"open","ping_status":"closed","sticky":false,"template":"","format":"standard","meta":{"_genesis_hide_title":false,"_genesis_hide_breadcrumbs":false,"_genesis_hide_singular_image":false,"_genesis_hide_footer_widgets":false,"_genesis_custom_body_class":"","_genesis_custom_post_class":"","_genesis_layout":"","_jetpack_memberships_contains_paid_content":false,"footnotes":""},"categories":[22,7],"tags":[],"class_list":{"0":"post-40786","1":"post","2":"type-post","3":"status-publish","4":"format-standard","5":"has-post-thumbnail","7":"category-brasil","8":"category-economia","9":"entry","10":"gs-1","11":"gs-odd","12":"gs-even","13":"gs-featured-content-entry"},"jetpack_featured_media_url":"https:\/\/www.redenoticia.com.br\/noticia\/imagens\/Brasil-incra1.jpg","jetpack_sharing_enabled":true,"jetpack_likes_enabled":true,"_links":{"self":[{"href":"https:\/\/www.redenoticia.com.br\/noticia\/wp-json\/wp\/v2\/posts\/40786","targetHints":{"allow":["GET"]}}],"collection":[{"href":"https:\/\/www.redenoticia.com.br\/noticia\/wp-json\/wp\/v2\/posts"}],"about":[{"href":"https:\/\/www.redenoticia.com.br\/noticia\/wp-json\/wp\/v2\/types\/post"}],"author":[{"embeddable":true,"href":"https:\/\/www.redenoticia.com.br\/noticia\/wp-json\/wp\/v2\/users\/3"}],"replies":[{"embeddable":true,"href":"https:\/\/www.redenoticia.com.br\/noticia\/wp-json\/wp\/v2\/comments?post=40786"}],"version-history":[{"count":0,"href":"https:\/\/www.redenoticia.com.br\/noticia\/wp-json\/wp\/v2\/posts\/40786\/revisions"}],"wp:featuredmedia":[{"embeddable":true,"href":"https:\/\/www.redenoticia.com.br\/noticia\/wp-json\/wp\/v2\/media\/40787"}],"wp:attachment":[{"href":"https:\/\/www.redenoticia.com.br\/noticia\/wp-json\/wp\/v2\/media?parent=40786"}],"wp:term":[{"taxonomy":"category","embeddable":true,"href":"https:\/\/www.redenoticia.com.br\/noticia\/wp-json\/wp\/v2\/categories?post=40786"},{"taxonomy":"post_tag","embeddable":true,"href":"https:\/\/www.redenoticia.com.br\/noticia\/wp-json\/wp\/v2\/tags?post=40786"}],"curies":[{"name":"wp","href":"https:\/\/api.w.org\/{rel}","templated":true}]}}