{"id":40710,"date":"2012-10-14T19:55:48","date_gmt":"2012-10-14T22:55:48","guid":{"rendered":"http:\/\/www.redenoticia.com.br\/noticia\/?p=40710"},"modified":"2012-10-14T20:38:30","modified_gmt":"2012-10-14T23:38:30","slug":"tele-sena-primavera-2012-primeiro-sorteio-domingo-1609","status":"publish","type":"post","link":"https:\/\/www.redenoticia.com.br\/noticia\/2012\/tele-sena-primavera-2012-primeiro-sorteio-domingo-1609\/40710","title":{"rendered":"Tele Sena Primavera 2012 \u2013 quinto e \u00faltimo sorteio (domingo 14\/10)"},"content":{"rendered":"<p><em><strong>Tele Sena Primavera<\/strong><\/em>\u00a0(2012) \u2013no domingo (14\/10), o\u00a0<em><strong>SBT<\/strong><\/em>\u00a0apresentou o\u00a0<em><strong>resultado<\/strong><\/em>\u00a0do quinto e \u00faltimo\u00a0<em><strong>sorteio<\/strong><\/em>\u00a0da\u00a0Tele Sena Primavera 2012.\u00a0O cantor Thiaguinho chegou cheio de ousadia e alegria na Campanha de Primavera da Tele Sena. O comercial mostrou o cantor caminhando por diversos lugares nos quais ele interage com atores e as premia\u00e7\u00f5es, arrastando por onde passa uma multid\u00e3o. Al\u00e9m do cantor Thiaguinho, a outra novidade desta campanha foi a premia\u00e7\u00e3o in\u00e9dita, o Pagamento das D\u00edvidas.<\/p>\n<p>Confira o resultado do primeiro sorteio da Tele Sena Primavera 2012:<\/p>\n<p>12 \u00a0&#8211; \u00a013 \u00a0 &#8211; \u00a014 \u00a0 &#8211; \u00a015 \u00a0&#8211; \u00a020 \u00a0&#8211; \u00a030<\/p>\n<p>Confira o resultado do segundo sorteio da Tele Sena Primavera 2012:<\/p>\n<p>09 \u00a0&#8211; \u00a019 \u00a0&#8211; \u00a0 22 \u00a0&#8211; \u00a023 \u00a0 &#8211; 39<\/p>\n<p>Confira o resultado do terceiro sorteio da Tele Sena Primavera 2012:<\/p>\n<p>10 &#8211; \u00a011 \u00a0&#8211; \u00a0 21\u00a0 &#8211; \u00a026 \u00a0 &#8211; 32<\/p>\n<p>Confira o resultado do quarto sorteio da Tele Sena Primavera 2012:<\/p>\n<p>02 \u00a0&#8211; \u00a007 &#8211; \u00a033 \u00a0 &#8211; \u00a035 \u00a0&#8211; \u00a0 37<\/p>\n<p>Confira o resultado do quinto e \u00faltimo sorteio da Tele Sena Primavera 2012:<\/p>\n<p>16 \u00a0&#8211; \u00a024 &#8211; \u00a028 \u00a0 &#8211; \u00a0 31<\/p>\n<p>&#8211; Mais pontos<br \/>\nN\u00famero de pontos: 23<br \/>\nTotal de ganhadores: 3<br \/>\nPr\u00eamio por ganhador: R$ 166.666,67<\/p>\n<p>&#8211; Menos pontos<br \/>\nN\u00famero de pontos: 10<br \/>\nTotal de ganhadores: 554<br \/>\nPr\u00eamio por ganhador: R$ 631,77<\/p>\n<p>Tele Sena Completa \u2013 (14\/10\/2012)<\/p>\n<p>50 \u00a0&#8211; \u00a051 \u00a0 &#8211; 55 \u00a0&#8211; \u00a056<\/p>\n<p>60 \u00a0&#8211; \u00a061 \u00a0&#8211; \u00a062 \u00a0&#8211; \u00a063 \u00a0 &#8211; 66 \u00a0&#8211; \u00a067 \u00a0 &#8211; \u00a069<\/p>\n<p>70 \u00a0&#8211; \u00a071 \u00a0 \u00a0&#8211; 74 \u00a0&#8211; \u00a075 &#8211; \u00a0 76 \u00a0&#8211; \u00a0 78 \u00a0&#8211; \u00a079<\/p>\n<p>82 \u00a0&#8211; \u00a083 \u00a0 &#8211; \u00a085 \u00a0&#8211; \u00a086<\/p>\n<p>&#8211; Tele Sena Completa<br \/>\nN\u00famero de pontos: 20<br \/>\nTotal de ganhadores: 2<br \/>\nPr\u00eamio por ganhador: R$ 200.000,00<\/p>\n<p>&#8212;&#8211;<\/p>\n<p>A Tele Sena \u00e9 um t\u00edtulo de capitaliza\u00e7\u00e3o de pagamento \u00fanico, lan\u00e7ado em novembro de 1991 pela Lideran\u00e7a Capitaliza\u00e7\u00e3o S\/A.\u00a0O consumidor adquire este produto e, ap\u00f3s um ano, pode resgatar 50% do valor pago mais juros e corre\u00e7\u00e3o monet\u00e1ria.<\/p>\n<p>Atualmente, durante a vig\u00eancia do t\u00edtulo, o consumidor concorre a quatro formas de premia\u00e7\u00e3o:<\/p>\n<p>Pr\u00eamio Ganhe J\u00e1<\/p>\n<p>\u00c9 conhecido como pr\u00eamio instant\u00e2neo. O consumidor deve raspar as pel\u00edculas protetoras e, se encontrar o desenho ou a frase premiada, ganha o respectivo pr\u00eamio.<\/p>\n<p>Mais e Menos Pontos<\/p>\n<p>Voc\u00ea concorre com um quadro de dezenas, onde pode marcar os n\u00fameros sorteados nos cinco sorteios que ocorrem para estas premia\u00e7\u00f5es. Os sorteios s\u00e3o realizados nas datas previamente estabelecidas no t\u00edtulo e s\u00e3o veiculados pelo SBT.<\/p>\n<p>Tele Sena Completa<\/p>\n<p>Em um sorteio \u00fanico, s\u00e3o sorteadas tantas dezenas quantas forem necess\u00e1rias at\u00e9 que algu\u00e9m complete o quadro referente \u00e0 esta modalidade de premia\u00e7\u00e3o. Se houver mais de um ganhador, os pr\u00eamios ser\u00e3o divididos em partes iguais.<\/p>\n<p>Pr\u00eamio Casa<\/p>\n<p>Sorteio anual, realizado em data discriminada no t\u00edtulo, pr\u00f3xima \u00e0 data do resgate do mesmo.<\/p>\n","protected":false},"excerpt":{"rendered":"<p>Tele Sena Primavera\u00a0(2012) \u2013no domingo (14\/10), o\u00a0SBT\u00a0apresentou o\u00a0resultado\u00a0do quinto e \u00faltimo\u00a0sorteio\u00a0da\u00a0Tele Sena Primavera 2012.\u00a0O cantor Thiaguinho chegou cheio de ousadia e alegria na Campanha de Primavera da Tele Sena. O comercial mostrou o cantor caminhando por diversos lugares nos quais ele interage com atores e as premia\u00e7\u00f5es, arrastando por onde passa uma multid\u00e3o. Al\u00e9m do [&hellip;]<\/p>\n","protected":false},"author":3,"featured_media":18154,"comment_status":"open","ping_status":"closed","sticky":false,"template":"","format":"standard","meta":{"_genesis_hide_title":false,"_genesis_hide_breadcrumbs":false,"_genesis_hide_singular_image":false,"_genesis_hide_footer_widgets":false,"_genesis_custom_body_class":"","_genesis_custom_post_class":"","_genesis_layout":"","_jetpack_memberships_contains_paid_content":false,"footnotes":""},"categories":[22,335,356],"tags":[],"class_list":{"0":"post-40710","1":"post","2":"type-post","3":"status-publish","4":"format-standard","5":"has-post-thumbnail","7":"category-brasil","8":"category-loteria","9":"category-tele-sena","10":"entry","11":"gs-1","12":"gs-odd","13":"gs-even","14":"gs-featured-content-entry"},"jetpack_featured_media_url":"https:\/\/www.redenoticia.com.br\/noticia\/imagens\/tele-sena.jpg","jetpack_sharing_enabled":true,"jetpack_likes_enabled":true,"_links":{"self":[{"href":"https:\/\/www.redenoticia.com.br\/noticia\/wp-json\/wp\/v2\/posts\/40710","targetHints":{"allow":["GET"]}}],"collection":[{"href":"https:\/\/www.redenoticia.com.br\/noticia\/wp-json\/wp\/v2\/posts"}],"about":[{"href":"https:\/\/www.redenoticia.com.br\/noticia\/wp-json\/wp\/v2\/types\/post"}],"author":[{"embeddable":true,"href":"https:\/\/www.redenoticia.com.br\/noticia\/wp-json\/wp\/v2\/users\/3"}],"replies":[{"embeddable":true,"href":"https:\/\/www.redenoticia.com.br\/noticia\/wp-json\/wp\/v2\/comments?post=40710"}],"version-history":[{"count":0,"href":"https:\/\/www.redenoticia.com.br\/noticia\/wp-json\/wp\/v2\/posts\/40710\/revisions"}],"wp:featuredmedia":[{"embeddable":true,"href":"https:\/\/www.redenoticia.com.br\/noticia\/wp-json\/wp\/v2\/media\/18154"}],"wp:attachment":[{"href":"https:\/\/www.redenoticia.com.br\/noticia\/wp-json\/wp\/v2\/media?parent=40710"}],"wp:term":[{"taxonomy":"category","embeddable":true,"href":"https:\/\/www.redenoticia.com.br\/noticia\/wp-json\/wp\/v2\/categories?post=40710"},{"taxonomy":"post_tag","embeddable":true,"href":"https:\/\/www.redenoticia.com.br\/noticia\/wp-json\/wp\/v2\/tags?post=40710"}],"curies":[{"name":"wp","href":"https:\/\/api.w.org\/{rel}","templated":true}]}}