{"id":40563,"date":"2012-09-06T16:46:41","date_gmt":"2012-09-06T19:46:41","guid":{"rendered":"http:\/\/www.redenoticia.com.br\/noticia\/?p=40563"},"modified":"2012-09-06T16:46:41","modified_gmt":"2012-09-06T19:46:41","slug":"decisao-sobre-fim-da-greves-nas-universidades-federais","status":"publish","type":"post","link":"https:\/\/www.redenoticia.com.br\/noticia\/2012\/decisao-sobre-fim-da-greves-nas-universidades-federais\/40563","title":{"rendered":"Decis\u00e3o sobre fim da greves nas universidades federais"},"content":{"rendered":"<p align=\"justify\">Bras\u00edlia \u2013 A <em><strong>greve dos professores<\/strong><\/em> das universidades federais n\u00e3o terminar\u00e1 antes do pr\u00f3ximo domingo (9), informou o Sindicato Nacional dos Docentes das Institui\u00e7\u00f5es de Ensino Superior (Andes-SN) \u00e0\u00a0Ag\u00eancia Brasil.<\/p>\n<p align=\"justify\">Estava previsto para hoje (6) o an\u00fancio do resultado de assembleias estaduais realizadas desde segunda-feira (3) para decidir sobre a proposta de aumento salarial do governo. O sindicato explicou que as decis\u00f5es devem ser avaliados para que haja algum tipo de encaminhamento pol\u00edtico para a quest\u00e3o.<\/p>\n<p align=\"justify\">Hoje, a greve dos professores universit\u00e1rios do Andes-SN completa 113 dias. A paralisa\u00e7\u00e3o come\u00e7ou em 17 de maio e chegou a ter ades\u00e3o de 56 de 59 institui\u00e7\u00f5es, incluindo universidades, centros federais de Educa\u00e7\u00e3o Tecnol\u00f3gica e institutos federais de Tecnologia.<\/p>\n<p align=\"justify\">Os docentes ligados ao Sindicato de Professores de Institui\u00e7\u00f5es Federais de Ensino Superior (Proifes), que representa parte da categoria, decidiram pelo fim da paralisa\u00e7\u00e3o na \u00faltima sexta-feira (31). Eles aceitaram a proposta do governo para reajuste salarial entre 25% e 40%.<\/p>\n<p align=\"justify\">Ontem (5), professores das universidades federais do Rio de Janeiro, de Minas Gerais\u00a0e de Pernambuco\u00a0<a href=\"http:\/\/agenciabrasil.ebc.com.br\/noticia\/2012-09-05\/ufrj-volta-aulas-segunda-feira-mas-duas-federais-mantem-paralisacao-no-rio\" target=\"_blank\">decidiram encerrar a greve<\/a>.<\/p>\n<p align=\"justify\">De acordo com o Minist\u00e9rio da Educa\u00e7\u00e3o (MEC), 16 institui\u00e7\u00f5es indicaram o fim da paralisa\u00e7\u00e3o: as universidades federais de Santa Catarina, de S\u00e3o Carlos, de Ci\u00eancias da Sa\u00fade de Porto Alegre, da Integra\u00e7\u00e3o Internacional da Lusofonia Afro-Brasileira, do Cear\u00e1, do Rio Grande do Sul, da Fronteira Sul e a Universidade de Bras\u00edlia.<\/p>\n<p align=\"justify\">Voltaram parcialmente as atividades das universidades do Tocantins, do Pampa e de S\u00e3o Paulo. Est\u00e1 prevista para a pr\u00f3xima semana a retomada das\u00a0aulas nas universidades de Juiz de Fora, da Grande Dourados, de Alfenas e do Rec\u00f4ncavo Baiano.<\/p>\n<p>Carolina Sarres<br \/>\nRep\u00f3rter da Ag\u00eancia Brasil<\/p>\n<p>Edi\u00e7\u00e3o: Beto Coura<\/p>\n","protected":false},"excerpt":{"rendered":"<p>Bras\u00edlia \u2013 A greve dos professores das universidades federais n\u00e3o terminar\u00e1 antes do pr\u00f3ximo domingo (9), informou o Sindicato Nacional dos Docentes das Institui\u00e7\u00f5es de Ensino Superior (Andes-SN) \u00e0\u00a0Ag\u00eancia Brasil. Estava previsto para hoje (6) o an\u00fancio do resultado de assembleias estaduais realizadas desde segunda-feira (3) para decidir sobre a proposta de aumento salarial do [&hellip;]<\/p>\n","protected":false},"author":3,"featured_media":35036,"comment_status":"open","ping_status":"closed","sticky":false,"template":"","format":"standard","meta":{"_genesis_hide_title":false,"_genesis_hide_breadcrumbs":false,"_genesis_hide_singular_image":false,"_genesis_hide_footer_widgets":false,"_genesis_custom_body_class":"","_genesis_custom_post_class":"","_genesis_layout":"","_jetpack_memberships_contains_paid_content":false,"footnotes":""},"categories":[22],"tags":[],"class_list":{"0":"post-40563","1":"post","2":"type-post","3":"status-publish","4":"format-standard","5":"has-post-thumbnail","7":"category-brasil","8":"entry","9":"gs-1","10":"gs-odd","11":"gs-even","12":"gs-featured-content-entry"},"jetpack_featured_media_url":"https:\/\/www.redenoticia.com.br\/noticia\/imagens\/aluno-curso-estudante.jpg","jetpack_sharing_enabled":true,"jetpack_likes_enabled":true,"_links":{"self":[{"href":"https:\/\/www.redenoticia.com.br\/noticia\/wp-json\/wp\/v2\/posts\/40563","targetHints":{"allow":["GET"]}}],"collection":[{"href":"https:\/\/www.redenoticia.com.br\/noticia\/wp-json\/wp\/v2\/posts"}],"about":[{"href":"https:\/\/www.redenoticia.com.br\/noticia\/wp-json\/wp\/v2\/types\/post"}],"author":[{"embeddable":true,"href":"https:\/\/www.redenoticia.com.br\/noticia\/wp-json\/wp\/v2\/users\/3"}],"replies":[{"embeddable":true,"href":"https:\/\/www.redenoticia.com.br\/noticia\/wp-json\/wp\/v2\/comments?post=40563"}],"version-history":[{"count":0,"href":"https:\/\/www.redenoticia.com.br\/noticia\/wp-json\/wp\/v2\/posts\/40563\/revisions"}],"wp:featuredmedia":[{"embeddable":true,"href":"https:\/\/www.redenoticia.com.br\/noticia\/wp-json\/wp\/v2\/media\/35036"}],"wp:attachment":[{"href":"https:\/\/www.redenoticia.com.br\/noticia\/wp-json\/wp\/v2\/media?parent=40563"}],"wp:term":[{"taxonomy":"category","embeddable":true,"href":"https:\/\/www.redenoticia.com.br\/noticia\/wp-json\/wp\/v2\/categories?post=40563"},{"taxonomy":"post_tag","embeddable":true,"href":"https:\/\/www.redenoticia.com.br\/noticia\/wp-json\/wp\/v2\/tags?post=40563"}],"curies":[{"name":"wp","href":"https:\/\/api.w.org\/{rel}","templated":true}]}}